{"id":108432,"date":"2025-03-05T13:51:07","date_gmt":"2025-03-05T13:51:07","guid":{"rendered":"https:\/\/tvbrazilusa.com\/2025\/03\/05\/pai-tenta-impedir-eutanasia-concedida-a-filha-paraplegica-na-espanha\/"},"modified":"2025-03-05T13:51:09","modified_gmt":"2025-03-05T13:51:09","slug":"pai-tenta-impedir-eutanasia-concedida-a-filha-paraplegica-na-espanha","status":"publish","type":"post","link":"https:\/\/tvbrazilusa.com\/pt\/2025\/03\/05\/pai-tenta-impedir-eutanasia-concedida-a-filha-paraplegica-na-espanha\/","title":{"rendered":"Pai tenta impedir eutan\u00e1sia concedida \u00e0 filha parapl\u00e9gica na Espanha"},"content":{"rendered":"<p> <script async src=\"https:\/\/pagead2.googlesyndication.com\/pagead\/js\/adsbygoogle.js?client=ca-pub-8864793242727901\"\r\n     crossorigin=\"anonymous\"><\/script><br \/>\n<\/p>\n<div id=\"taboola-read-more\" style=\"display:block; width:100%\">\n<p>Um tribunal de Barcelona come\u00e7ou a julgar nessa ter\u00e7a-feira (4\/2), pela primeira vez na hist\u00f3ria da Espanha, um caso sobre o direito \u00e0 morte assistida, ap\u00f3s uma jovem parapl\u00e9gica ter a execu\u00e7\u00e3o de sua eutan\u00e1sia suspensa a pedido de seu pai.\n<\/p>\n<p>No\u00e9lia, de 24 anos, confirmou nessa ter\u00e7a sua op\u00e7\u00e3o pela eutan\u00e1sia e disse ao juiz que sofria \u201ccoer\u00e7\u00e3o\u201d de seu entorno. A jovem foi a primeira a depor na audi\u00eancia realizada no 12\u00ba Tribunal Administrativo de Barcelona. Seus pais, assim como suas duas irm\u00e3s, s\u00e3o contra a eutan\u00e1sia.<\/p>\n<p>Especialistas da Comiss\u00e3o Catal\u00e3 de Garantia e Avalia\u00e7\u00e3o decidiram em julho que seu pedido correspondia \u00e0s exig\u00eancias da lei, que estabelece que qualquer pessoa em posse de suas faculdades e sofrendo de uma \u201cdoen\u00e7a grave e incur\u00e1vel\u201d, ou de uma condi\u00e7\u00e3o \u201ccr\u00f4nica e incapacitante\u201d, pode solicitar assist\u00eancia para morrer.\n<\/p>\n<p>No entanto, pouco antes da data prevista para sua eutan\u00e1sia, em 2 de agosto, a justi\u00e7a aceitou um recurso da associa\u00e7\u00e3o ultraconservadora Avogados Cristianos (Advogados Crist\u00e3os), que representa seu pai, pedindo a paralisa\u00e7\u00e3o do processo.\n<\/p>\n<p>A jovem esclareceu, durante a audi\u00eancia, que n\u00e3o mudou de ideia, mas que encontrou oposi\u00e7\u00e3o da fam\u00edlia, que encheu seu quarto \u201ccom santinhos e ter\u00e7os\u201d.\n<\/p>\n<p>O advogado Jos\u00e9 Mar\u00eda Fern\u00e1ndez, que representa o pai, negou, ap\u00f3s a audi\u00eancia, a suposta coa\u00e7\u00e3o, embora tenha dito que \u201clogicamente havia pessoas lutando por sua vida, insistindo para que ela renunciasse \u00e0 sua decis\u00e3o\u201d, e reconheceu que alguns amigos lhe deram uma cruz.\n<\/p>\n<p>Ele alega que a jovem sofre de um transtorno obsessivo-compulsivo, com pensamentos suicidas e um transtorno de personalidade borderline que \u201canula sua decis\u00e3o\u201d. Al\u00e9m disso, o advogado afirma que a paraplegia que sofre n\u00e3o causa dor nem sofrimento insuport\u00e1vel, n\u00e3o se enquadrando nas causas exigidas por lei.\n<\/p>\n<p>O advogado acrescentou que a jovem \u201cteve pensamentos suicidas praticamente toda a sua vida\u201d e que j\u00e1 tentou se matar em diversas ocasi\u00f5es.\n<\/p>\n<p>No\u00e9lia ficou parapl\u00e9gica ap\u00f3s se jogar do quinto andar em uma tentativa de suic\u00eddio em 2022 e havia pedido oficialmente a eutan\u00e1sia em abril do ano passado.\n<\/p>\n<p>Os profissionais de sa\u00fade e outros funcion\u00e1rios do governo envolvidos no processo de aprova\u00e7\u00e3o da eutan\u00e1sia confirmaram que No\u00e9lia atende aos requisitos estabelecidos na lei e que suas capacidades est\u00e3o intactas.\n<\/p>\n<p>Pouco antes da execu\u00e7\u00e3o da eutan\u00e1sia em agosto, o pai de No\u00e9lia pediu ao juiz que interrompesse o processo e forneceu um v\u00eddeo para tentar provar que sua filha conseguia andar com a ajuda de muletas e que poderia melhorar de sua les\u00e3o.\n<\/p>\n<p>A ju\u00edza suspendeu a eutan\u00e1sia da jovem por n\u00e3o consider\u00e1-la portadora de \u201cuma doen\u00e7a grave, cr\u00f4nica e debilitante\u201d, apesar de No\u00e9lia j\u00e1 ter recebido aval m\u00e9dico.\n<\/p>\n<p>Conforme solicitado pelo Minist\u00e9rio P\u00fablico, a ju\u00edza convocou a jovem, profissionais de sa\u00fade e especialistas para depor na ter\u00e7a-feira e decidir sobre o caso.\n<\/p>\n<p>Temores sobre contesta\u00e7\u00e3o do direito de morrer<br \/>O parlamento espanhol aprovou em 2021 a lei que descriminaliza a eutan\u00e1sia, tornando a Espanha um dos poucos pa\u00edses que permite que um paciente incur\u00e1vel receba ajuda para morrer.\n<\/p>\n<p>No entanto, as regras para isso permanecem r\u00edgidas: o candidato deve estar \u201capto e consciente\u201d no momento do pedido, que deve ser feito por escrito e reconfirmado posteriormente, e deve obter autoriza\u00e7\u00e3o de um comit\u00ea de avalia\u00e7\u00e3o.\n<\/p>\n<p>Desde que a lei foi aprovada, v\u00e1rios casos foram levados aos tribunais, mas nenhuma audi\u00eancia foi realizada at\u00e9 agora.\n<\/p>\n<p>\u201cEstamos preocupados com a normaliza\u00e7\u00e3o da possibilidade de contestar judicialmente resolu\u00e7\u00f5es administrativas que aprovam a eutan\u00e1sia\u201d, lamentou a Associa\u00e7\u00e3o pelo Direito de Morrer com Dignidade em um comunicado \u00e0 imprensa.\n<\/p>\n<p>\u201cA lei da eutan\u00e1sia defende um direito fundamental e estritamente pessoal no \u00e2mbito da vida privada, onde n\u00e3o deve haver interfer\u00eancia de terceiros\u201d, lembrou a organiza\u00e7\u00e3o, sugerindo que \u201ccertas for\u00e7as pol\u00edticas\u201d tentavam obstruir a lei cuja aprova\u00e7\u00e3o no Parlamento n\u00e3o conseguiram impedir.<\/p>\n<p>Fonte: Metr\u00f3poles              <\/p>\n<\/div>\n<p><br \/>\n<br \/><a href=\"https:\/\/diariodobrasilnoticias.com.br\/noticia\/pai-tenta-impedir-eutanasia-concedida-a-filha-paraplegica-na-espanha-67c834b4c8484\">Source link <\/a><\/p>","protected":false},"excerpt":{"rendered":"<p>Um tribunal de Barcelona come\u00e7ou a julgar nessa ter\u00e7a-feira (4\/2), pela primeira vez na hist\u00f3ria da Espanha, um caso sobre o direito \u00e0 morte assistida, ap\u00f3s uma jovem parapl\u00e9gica ter&hellip;<\/p>","protected":false},"author":1,"featured_media":108433,"comment_status":"closed","ping_status":"open","sticky":false,"template":"","format":"standard","meta":{"content-type":"","footnotes":""},"categories":[16],"tags":[123,2448,5313,1267],"class_list":["post-108432","post","type-post","status-publish","format-standard","has-post-thumbnail","hentry","category-noticias","tag-brasil","tag-diario","tag-noticia","tag-noticias"],"_links":{"self":[{"href":"https:\/\/tvbrazilusa.com\/pt\/wp-json\/wp\/v2\/posts\/108432","targetHints":{"allow":["GET"]}}],"collection":[{"href":"https:\/\/tvbrazilusa.com\/pt\/wp-json\/wp\/v2\/posts"}],"about":[{"href":"https:\/\/tvbrazilusa.com\/pt\/wp-json\/wp\/v2\/types\/post"}],"author":[{"embeddable":true,"href":"https:\/\/tvbrazilusa.com\/pt\/wp-json\/wp\/v2\/users\/1"}],"replies":[{"embeddable":true,"href":"https:\/\/tvbrazilusa.com\/pt\/wp-json\/wp\/v2\/comments?post=108432"}],"version-history":[{"count":1,"href":"https:\/\/tvbrazilusa.com\/pt\/wp-json\/wp\/v2\/posts\/108432\/revisions"}],"predecessor-version":[{"id":108434,"href":"https:\/\/tvbrazilusa.com\/pt\/wp-json\/wp\/v2\/posts\/108432\/revisions\/108434"}],"wp:featuredmedia":[{"embeddable":true,"href":"https:\/\/tvbrazilusa.com\/pt\/wp-json\/wp\/v2\/media\/108433"}],"wp:attachment":[{"href":"https:\/\/tvbrazilusa.com\/pt\/wp-json\/wp\/v2\/media?parent=108432"}],"wp:term":[{"taxonomy":"category","embeddable":true,"href":"https:\/\/tvbrazilusa.com\/pt\/wp-json\/wp\/v2\/categories?post=108432"},{"taxonomy":"post_tag","embeddable":true,"href":"https:\/\/tvbrazilusa.com\/pt\/wp-json\/wp\/v2\/tags?post=108432"}],"curies":[{"name":"wp","href":"https:\/\/api.w.org\/{rel}","templated":true}]}}