{"id":108435,"date":"2025-03-05T14:04:58","date_gmt":"2025-03-05T14:04:58","guid":{"rendered":"https:\/\/tvbrazilusa.com\/2025\/03\/05\/rn-tem-estado-de-emergencia-decretado-por-risco-de-incendios-florestais\/"},"modified":"2025-03-05T14:04:59","modified_gmt":"2025-03-05T14:04:59","slug":"rn-tem-estado-de-emergencia-decretado-por-risco-de-incendios-florestais","status":"publish","type":"post","link":"https:\/\/tvbrazilusa.com\/pt\/2025\/03\/05\/rn-tem-estado-de-emergencia-decretado-por-risco-de-incendios-florestais\/","title":{"rendered":"RN tem estado de emerg\u00eancia decretado por risco de inc\u00eandios florestais"},"content":{"rendered":"<p> <script async src=\"https:\/\/pagead2.googlesyndication.com\/pagead\/js\/adsbygoogle.js?client=ca-pub-8864793242727901\"\r\n     crossorigin=\"anonymous\"><\/script><br \/>\n<\/p>\n<div id=\"taboola-read-more\" style=\"display:block; width:100%\">\n<p>As quatro mesorregi\u00f5es do Rio Grande do Norte tiveram estado de emerg\u00eancia declarado por estarem vulner\u00e1veis a inc\u00eandios florestais a partir do segundo semestre deste ano at\u00e9 o in\u00edcio de 2026. A declara\u00e7\u00e3o foi feita por meio de portaria, assinada pelo Minist\u00e9rio do Meio Ambiente (MMA), publicada no Di\u00e1rio Oficial da Uni\u00e3o na \u00faltima sexta-feira (28).\n<\/p>\n<p>A medida abrange todo o territ\u00f3rio do estado, isto \u00e9, o Agreste Potiguar, a Central Potiguar, o Leste Potiguar e o Oeste Potiguar. Na regi\u00e3o Nordeste, tamb\u00e9m tiveram territ\u00f3rios contemplados os estados de Alagoas, Bahia, Cear\u00e1, Maranh\u00e3o, Para\u00edba, Pernambuco, Piau\u00ed e Sergipe.<\/p>\n<p>De acordo com o Governo Federal, a portaria permite que o Ibama contrate brigadistas para atuar nos inc\u00eandios. Al\u00e9m disso, a ministra do Meio Ambiente, Marina Silva, refor\u00e7ou que o documento traz seguran\u00e7a jur\u00eddica para que os gestores p\u00fablicos atuem na ado\u00e7\u00e3o das medidas necess\u00e1rias para combater os inc\u00eandios neste ano.\n<\/p>\n<p>A declara\u00e7\u00e3o da ministra foi feita durante apresenta\u00e7\u00e3o das medidas adotadas para combate a inc\u00eandios em 2025, no Audit\u00f3rio da Sede do Prevfogo, realizada na \u00faltima quinta-feira (27). Em rela\u00e7\u00e3o ao ICMBio, as novidades foram anunciadas pelo presidente da institui\u00e7\u00e3o, Mauro Pires. Em 2025, a expectativa \u00e9 que haja aumento no n\u00famero de brigadistas contratados, que deve ser de 1.758 brigadistas, capacitados em 68 cursos.\n<\/p>\n<p>No total, o Governo Federal estima que 4358 brigadistas federais, divididos em 231 brigadas (115 do ICMBio e 116 do Ibama), estejam aptos para atuar nos inc\u00eandios neste ano. Adicionalmente, cerca de 250 servidores devem integrar o comando e apoio log\u00edstico aos incidentes.\n<\/p>\n<p>Confira os per\u00edodos de maior risco de inc\u00eandios florestais no RN, segundo a portaria:\n<\/p>\n<p>a) na mesorregi\u00e3o Agreste Potiguar, de agosto de 2025 a janeiro de 2026;<br \/>b) na mesorregi\u00e3o Central Potiguar, de agosto de 2025 a fevereiro de 2026;<br \/>c) na mesorregi\u00e3o Leste Potiguar, de agosto de 2025 a mar\u00e7o de 2026; e<br \/>d) na mesorregi\u00e3o Oeste Potiguar, de julho de 2025 a fevereiro de 2026.\n<\/p>\n<p>Fonte: Tribuna do Norte              <\/p>\n<\/div>\n<p><br \/>\n<br \/><a href=\"https:\/\/diariodobrasilnoticias.com.br\/noticia\/rn-tem-estado-de-emergencia-decretado-por-risco-de-incendios-florestais-67c85828b6313\">Source link <\/a><\/p>","protected":false},"excerpt":{"rendered":"<p>As quatro mesorregi\u00f5es do Rio Grande do Norte tiveram estado de emerg\u00eancia declarado por estarem vulner\u00e1veis a inc\u00eandios florestais a partir do segundo semestre deste ano at\u00e9 o in\u00edcio de&hellip;<\/p>","protected":false},"author":1,"featured_media":108436,"comment_status":"closed","ping_status":"open","sticky":false,"template":"","format":"standard","meta":{"content-type":"","footnotes":""},"categories":[16],"tags":[123,2448,5313,1267],"class_list":["post-108435","post","type-post","status-publish","format-standard","has-post-thumbnail","hentry","category-noticias","tag-brasil","tag-diario","tag-noticia","tag-noticias"],"_links":{"self":[{"href":"https:\/\/tvbrazilusa.com\/pt\/wp-json\/wp\/v2\/posts\/108435","targetHints":{"allow":["GET"]}}],"collection":[{"href":"https:\/\/tvbrazilusa.com\/pt\/wp-json\/wp\/v2\/posts"}],"about":[{"href":"https:\/\/tvbrazilusa.com\/pt\/wp-json\/wp\/v2\/types\/post"}],"author":[{"embeddable":true,"href":"https:\/\/tvbrazilusa.com\/pt\/wp-json\/wp\/v2\/users\/1"}],"replies":[{"embeddable":true,"href":"https:\/\/tvbrazilusa.com\/pt\/wp-json\/wp\/v2\/comments?post=108435"}],"version-history":[{"count":1,"href":"https:\/\/tvbrazilusa.com\/pt\/wp-json\/wp\/v2\/posts\/108435\/revisions"}],"predecessor-version":[{"id":108437,"href":"https:\/\/tvbrazilusa.com\/pt\/wp-json\/wp\/v2\/posts\/108435\/revisions\/108437"}],"wp:featuredmedia":[{"embeddable":true,"href":"https:\/\/tvbrazilusa.com\/pt\/wp-json\/wp\/v2\/media\/108436"}],"wp:attachment":[{"href":"https:\/\/tvbrazilusa.com\/pt\/wp-json\/wp\/v2\/media?parent=108435"}],"wp:term":[{"taxonomy":"category","embeddable":true,"href":"https:\/\/tvbrazilusa.com\/pt\/wp-json\/wp\/v2\/categories?post=108435"},{"taxonomy":"post_tag","embeddable":true,"href":"https:\/\/tvbrazilusa.com\/pt\/wp-json\/wp\/v2\/tags?post=108435"}],"curies":[{"name":"wp","href":"https:\/\/api.w.org\/{rel}","templated":true}]}}