{"id":108444,"date":"2025-03-05T14:48:11","date_gmt":"2025-03-05T14:48:11","guid":{"rendered":"https:\/\/tvbrazilusa.com\/2025\/03\/05\/aviao-e-obrigado-a-retornar-apos-tripulacao-sentir-fedor-intenso\/"},"modified":"2025-03-05T14:48:12","modified_gmt":"2025-03-05T14:48:12","slug":"aviao-e-obrigado-a-retornar-apos-tripulacao-sentir-fedor-intenso","status":"publish","type":"post","link":"https:\/\/tvbrazilusa.com\/pt\/2025\/03\/05\/aviao-e-obrigado-a-retornar-apos-tripulacao-sentir-fedor-intenso\/","title":{"rendered":"Avi\u00e3o \u00e9 obrigado a retornar ap\u00f3s tripula\u00e7\u00e3o sentir fedor intenso"},"content":{"rendered":"<p> <script async src=\"https:\/\/pagead2.googlesyndication.com\/pagead\/js\/adsbygoogle.js?client=ca-pub-8864793242727901\"\r\n     crossorigin=\"anonymous\"><\/script><br \/>\n<\/p>\n<div id=\"taboola-read-more\" style=\"display:block; width:100%\">\n<p class=\"\">Um voo da Delta Air Lines, com destino a Nova Orleans, precisou retornar ao Aeroporto Internacional de Logan, em Boston, no \u00faltimo domingo (2),\u00a0<a href=\"https:\/\/ultimosegundo.ig.com.br\/2025-02-20\/delta-oferece-r--170-mil-a-passageiros-de-aviao-que-caiu-em-toronto.html\">ap\u00f3s passageiros sentirem um \u201cfedor intenso\u201d de fuma\u00e7a na cabine.<\/a>\n<\/p>\n<p>O voo Delta 1398, que havia partido por volta das 8h48, declarou emerg\u00eancia logo ap\u00f3s a decolagem e voltou ao aeroporto para garantir a seguran\u00e7a dos passageiros.<\/p>\n<p>A companhia a\u00e9rea confirmou o epis\u00f3dio e explicou que a decis\u00e3o de retornar foi tomada por quest\u00f5es de seguran\u00e7a.\n<\/p>\n<p>\u201cNossa tripula\u00e7\u00e3o de voo seguiu os procedimentos estabelecidos e retornou a Boston com seguran\u00e7a\u201d, afirmou um porta-voz da Delta em um comunicado oficial.\n<\/p>\n<p>O porta-voz tamb\u00e9m se desculpou pelo atraso causado aos clientes, dizendo: \u201cPedimos sinceras desculpas aos nossos clientes pelo atraso em suas viagens.\u201d\n<\/p>\n<p>O voo Delta 1398, que transportava 92 pessoas a bordo, foi recebido por equipes de emerg\u00eancia no Aeroporto Internacional de Logan. N\u00e3o houve feridos no incidente.\n<\/p>\n<p>A Administra\u00e7\u00e3o Federal de Avia\u00e7\u00e3o iniciou uma investiga\u00e7\u00e3o para identificar a causa da fuma\u00e7a na cabine.\n<\/p>\n<h2>Outros epis\u00f3dios envolvendo a companhia<\/h2>\n<p class=\"\">Este caso ocorre ap\u00f3s outros epis\u00f3dios semelhantes envolvendo a Delta Air Lines. Recentemente, outro voo da companhia tamb\u00e9m precisou ser evacuado devido a fuma\u00e7a, enquanto um terceiro voo foi for\u00e7ado a fazer um pouso de emerg\u00eancia em Toronto.\n<\/p>\n<p class=\"\">Em todos esses epis\u00f3dios, as autoridades confirmaram que n\u00e3o houve feridos.\n<\/p>\n<p class=\"\">\u00a0\n<\/p>\n<p class=\"\">Fonte: IG              <\/p>\n<\/div>\n<p><br \/>\n<br \/><a href=\"https:\/\/diariodobrasilnoticias.com.br\/noticia\/aviao-e-obrigado-a-retornar-apos-tripulacao-sentir-fedor-intenso-67c84d60616d1\">Source link <\/a><\/p>","protected":false},"excerpt":{"rendered":"<p>Um voo da Delta Air Lines, com destino a Nova Orleans, precisou retornar ao Aeroporto Internacional de Logan, em Boston, no \u00faltimo domingo (2),\u00a0ap\u00f3s passageiros sentirem um \u201cfedor intenso\u201d de&hellip;<\/p>","protected":false},"author":1,"featured_media":108445,"comment_status":"closed","ping_status":"open","sticky":false,"template":"","format":"standard","meta":{"content-type":"","footnotes":""},"categories":[16],"tags":[123,2448,5313,1267],"class_list":["post-108444","post","type-post","status-publish","format-standard","has-post-thumbnail","hentry","category-noticias","tag-brasil","tag-diario","tag-noticia","tag-noticias"],"_links":{"self":[{"href":"https:\/\/tvbrazilusa.com\/pt\/wp-json\/wp\/v2\/posts\/108444","targetHints":{"allow":["GET"]}}],"collection":[{"href":"https:\/\/tvbrazilusa.com\/pt\/wp-json\/wp\/v2\/posts"}],"about":[{"href":"https:\/\/tvbrazilusa.com\/pt\/wp-json\/wp\/v2\/types\/post"}],"author":[{"embeddable":true,"href":"https:\/\/tvbrazilusa.com\/pt\/wp-json\/wp\/v2\/users\/1"}],"replies":[{"embeddable":true,"href":"https:\/\/tvbrazilusa.com\/pt\/wp-json\/wp\/v2\/comments?post=108444"}],"version-history":[{"count":1,"href":"https:\/\/tvbrazilusa.com\/pt\/wp-json\/wp\/v2\/posts\/108444\/revisions"}],"predecessor-version":[{"id":108446,"href":"https:\/\/tvbrazilusa.com\/pt\/wp-json\/wp\/v2\/posts\/108444\/revisions\/108446"}],"wp:featuredmedia":[{"embeddable":true,"href":"https:\/\/tvbrazilusa.com\/pt\/wp-json\/wp\/v2\/media\/108445"}],"wp:attachment":[{"href":"https:\/\/tvbrazilusa.com\/pt\/wp-json\/wp\/v2\/media?parent=108444"}],"wp:term":[{"taxonomy":"category","embeddable":true,"href":"https:\/\/tvbrazilusa.com\/pt\/wp-json\/wp\/v2\/categories?post=108444"},{"taxonomy":"post_tag","embeddable":true,"href":"https:\/\/tvbrazilusa.com\/pt\/wp-json\/wp\/v2\/tags?post=108444"}],"curies":[{"name":"wp","href":"https:\/\/api.w.org\/{rel}","templated":true}]}}