{"id":108447,"date":"2025-03-05T15:00:03","date_gmt":"2025-03-05T15:00:03","guid":{"rendered":"https:\/\/tvbrazilusa.com\/2025\/03\/05\/medica-explica-doenca-pulmonar-de-joao-gordo-e-diz-que-nao-tem-cura\/"},"modified":"2025-03-05T15:00:05","modified_gmt":"2025-03-05T15:00:05","slug":"medica-explica-doenca-pulmonar-de-joao-gordo-e-diz-que-nao-tem-cura","status":"publish","type":"post","link":"https:\/\/tvbrazilusa.com\/pt\/2025\/03\/05\/medica-explica-doenca-pulmonar-de-joao-gordo-e-diz-que-nao-tem-cura\/","title":{"rendered":"M\u00e9dica explica doen\u00e7a pulmonar de Jo\u00e3o Gordo e diz que n\u00e3o tem cura"},"content":{"rendered":"<p> <script async src=\"https:\/\/pagead2.googlesyndication.com\/pagead\/js\/adsbygoogle.js?client=ca-pub-8864793242727901\"\r\n     crossorigin=\"anonymous\"><\/script><br \/>\n<\/p>\n<div id=\"taboola-read-more\" style=\"display:block; width:100%\">\n<p>O apresentador Jo\u00e3o Gordo(60), conhecido pelo seu trabalho na MTV Brasil e na banda Ratos de Por\u00e3o, revelou em 2022 o diagn\u00f3stico de DPOC. A doen\u00e7a, que atinge os pulm\u00f5es, n\u00e3o tem cura e, caso n\u00e3o seja tratada corretamente, pode se agravar.\n<\/p>\n<p>Em entrevista \u00e0 CARAS Brasil, a m\u00e9dica pneumologista Maria Cec\u00edlia Maiorano explica que o quadro que atinge Jo\u00e3o Gordo significa Doen\u00e7a Pulmonar Obstrutiva Cr\u00f4nica. &#8220;A condi\u00e7\u00e3o dificulta a respira\u00e7\u00e3o e piora progressivamente. Na maioria dos casos, \u00e9 causada pelo tabagismo. N\u00e3o tem cura, mas o tratamento pode controlar os sintomas e retardar a progress\u00e3o da doen\u00e7a.&#8221;<\/p>\n<p>A especialista diz que, quando causada pelo tabagismo, a doen\u00e7a surge porque a fuma\u00e7a do cigarro danifica os pulm\u00f5es ao longo dos anos. &#8220;Esse dano ocorre sob a forma de enfisema pulmonar que \u00e9 a destrui\u00e7\u00e3o dos alv\u00e9olos (estruturas respons\u00e1veis pela penetra\u00e7\u00e3o do oxig\u00eanio no sangue), tornando a respira\u00e7\u00e3o ineficaz.&#8221;\n<\/p>\n<p data-mrf-recirculation=\".Link no Corpo do artigo\">&#8220;<em>Outra forma de acometimento do sistema respirat\u00f3rio \u00e9 a bronquite cr\u00f4nica, uma inflama\u00e7\u00e3o dos br\u00f4nquios, que estreita as vias a\u00e9reas e dificulta a passagem do ar<\/em>&#8220;, acrescenta. &#8220;<em>Quando avan\u00e7ada, a DPOC pode comprometer todo o funcionamento do organismo, impactando a qualidade de vida do paciente<\/em>.&#8221;\n<\/p>\n<h2>ENTENDA OS PRINCIPAIS SINTOMAS DA DPOC<\/h2>\n<p data-mrf-recirculation=\".Link no Corpo do artigo\">Maria Cec\u00edlia Maiorano explica que os sintomas da doen\u00e7a podem variar de acordo com sua intensidade, por\u00e9m, existem alguns que acontecem mais comumente entre seus pacientes. Confira abaixo:\n<\/p>\n<ul>\n<li>Falta de ar;<\/li>\n<li>Tosse cr\u00f4nica;<\/li>\n<li>Produ\u00e7\u00e3o de catarro.<\/li>\n<\/ul>\n<p data-mrf-recirculation=\".Link no Corpo do artigo\">&#8220;<em>Inicialmente, a dificuldade para respirar aparece apenas durante atividades f\u00edsicas mais intensas, mas, com a progress\u00e3o da doen\u00e7a, pode surgir at\u00e9 mesmo em repouso. Muitas pessoas demoram a procurar ajuda porque acreditam que esses sintomas s\u00e3o &#8216;normais&#8217; para fumantes. No entanto, o diagn\u00f3stico precoce \u00e9 fundamental para garantir um melhor controle da doen\u00e7a e evitar sua progress\u00e3o<\/em>.&#8221;\n<\/p>\n<p data-mrf-recirculation=\".Link no Corpo do artigo\">\u00a0\n<\/p>\n<p data-mrf-recirculation=\".Link no Corpo do artigo\">Fonte: Caras              <\/p>\n<\/div>\n<p><br \/>\n<br \/><a href=\"https:\/\/diariodobrasilnoticias.com.br\/noticia\/medica-explica-doenca-pulmonar-de-joao-gordo-e-diz-que-nao-tem-cura-67c8476f45a4d\">Source link <\/a><\/p>","protected":false},"excerpt":{"rendered":"<p>O apresentador Jo\u00e3o Gordo(60), conhecido pelo seu trabalho na MTV Brasil e na banda Ratos de Por\u00e3o, revelou em 2022 o diagn\u00f3stico de DPOC. A doen\u00e7a, que atinge os pulm\u00f5es,&hellip;<\/p>","protected":false},"author":1,"featured_media":108448,"comment_status":"closed","ping_status":"open","sticky":false,"template":"","format":"standard","meta":{"content-type":"","footnotes":""},"categories":[16],"tags":[123,2448,5313,1267],"class_list":["post-108447","post","type-post","status-publish","format-standard","has-post-thumbnail","hentry","category-noticias","tag-brasil","tag-diario","tag-noticia","tag-noticias"],"_links":{"self":[{"href":"https:\/\/tvbrazilusa.com\/pt\/wp-json\/wp\/v2\/posts\/108447","targetHints":{"allow":["GET"]}}],"collection":[{"href":"https:\/\/tvbrazilusa.com\/pt\/wp-json\/wp\/v2\/posts"}],"about":[{"href":"https:\/\/tvbrazilusa.com\/pt\/wp-json\/wp\/v2\/types\/post"}],"author":[{"embeddable":true,"href":"https:\/\/tvbrazilusa.com\/pt\/wp-json\/wp\/v2\/users\/1"}],"replies":[{"embeddable":true,"href":"https:\/\/tvbrazilusa.com\/pt\/wp-json\/wp\/v2\/comments?post=108447"}],"version-history":[{"count":1,"href":"https:\/\/tvbrazilusa.com\/pt\/wp-json\/wp\/v2\/posts\/108447\/revisions"}],"predecessor-version":[{"id":108449,"href":"https:\/\/tvbrazilusa.com\/pt\/wp-json\/wp\/v2\/posts\/108447\/revisions\/108449"}],"wp:featuredmedia":[{"embeddable":true,"href":"https:\/\/tvbrazilusa.com\/pt\/wp-json\/wp\/v2\/media\/108448"}],"wp:attachment":[{"href":"https:\/\/tvbrazilusa.com\/pt\/wp-json\/wp\/v2\/media?parent=108447"}],"wp:term":[{"taxonomy":"category","embeddable":true,"href":"https:\/\/tvbrazilusa.com\/pt\/wp-json\/wp\/v2\/categories?post=108447"},{"taxonomy":"post_tag","embeddable":true,"href":"https:\/\/tvbrazilusa.com\/pt\/wp-json\/wp\/v2\/tags?post=108447"}],"curies":[{"name":"wp","href":"https:\/\/api.w.org\/{rel}","templated":true}]}}