{"id":108453,"date":"2025-03-05T15:27:23","date_gmt":"2025-03-05T15:27:23","guid":{"rendered":"https:\/\/tvbrazilusa.com\/2025\/03\/05\/ex-jornalista-da-gazeta-do-povo-e-encontrado-morto-amordacado\/"},"modified":"2025-03-05T15:27:24","modified_gmt":"2025-03-05T15:27:24","slug":"ex-jornalista-da-gazeta-do-povo-e-encontrado-morto-amordacado","status":"publish","type":"post","link":"https:\/\/tvbrazilusa.com\/pt\/2025\/03\/05\/ex-jornalista-da-gazeta-do-povo-e-encontrado-morto-amordacado\/","title":{"rendered":"Ex-jornalista da Gazeta do Povo \u00e9 encontrado morto amorda\u00e7ado"},"content":{"rendered":"<p> <script async src=\"https:\/\/pagead2.googlesyndication.com\/pagead\/js\/adsbygoogle.js?client=ca-pub-8864793242727901\"\r\n     crossorigin=\"anonymous\"><\/script><br \/>\n<\/p>\n<div id=\"taboola-read-more\" style=\"display:block; width:100%\">\n<p>O jornalista Cristiano Luiz Freitas, de 46 anos, foi encontrado morto em sua pr\u00f3pria resid\u00eancia, em Curitiba (PR), nesta ter\u00e7a-feira (4). Ele estava com as m\u00e3os amarradas e amorda\u00e7ado, com sinais de estrangulamento e ferimentos na cabe\u00e7a.\n<\/p>\n<p>De acordo com a delegada Magda Hofstaetter, da Pol\u00edcia Civil do Paran\u00e1, a v\u00edtima foi encontrada por vizinhos que entraram na casa ap\u00f3s verem um carro saindo do local. A cena foi considerada suspeita porque o port\u00e3o da casa ficou aberto.<\/p>\n<p>A delegada tamb\u00e9m relatou que n\u00e3o h\u00e1 sinais de arrombamento na resid\u00eancia, o que indica que Cristiano havia combinado de se encontrar com o suspeito.\n<\/p>\n<p>\u2013 Pelo o que foi relatado pelos vizinhos no local, essa pessoa era conhecida da v\u00edtima, j\u00e1 que teve livre acesso \u00e0 resid\u00eancia. N\u00e3o havia nenhum sinal de arrombamento na resid\u00eancia, eles relatam que n\u00e3o tinham visto essa pessoa outras vezes na casa. A pol\u00edcia ainda n\u00e3o sabe o que teria motivado essa poss\u00edvel discuss\u00e3o que aconteceu dentro da casa para que acabasse resultando no \u00f3bito da v\u00edtima \u2013 afirma.\n<\/p>\n<p>A Pol\u00edcia Civil apreendeu aparelhos eletr\u00f4nicos da v\u00edtima para ajudar na identifica\u00e7\u00e3o do autor do crime.\n<\/p>\n<p>Freitas tinha experi\u00eancia com assessoria de imprensa e trabalhou por anos na Gazeta do Povo, tendo sido respons\u00e1vel pelo suplemento Gazetinha e pelo caderno FUN, ambos da Gazeta.\n<\/p>\n<p>O corpo est\u00e1 sendo velado na manh\u00e3 desta quarta (5), e o sepultamento ser\u00e1 na parte da tarde, no Cemit\u00e9rio Municipal do \u00c1gua Verde.<\/p>\n<p>Fonte: Pleno News              <\/p>\n<\/div>\n<p><br \/>\n<br \/><a href=\"https:\/\/diariodobrasilnoticias.com.br\/noticia\/ex-jornalista-da-gazeta-do-povo-e-encontrado-morto-amordacado-67c859489cb67\">Source link <\/a><\/p>","protected":false},"excerpt":{"rendered":"<p>O jornalista Cristiano Luiz Freitas, de 46 anos, foi encontrado morto em sua pr\u00f3pria resid\u00eancia, em Curitiba (PR), nesta ter\u00e7a-feira (4). Ele estava com as m\u00e3os amarradas e amorda\u00e7ado, com&hellip;<\/p>","protected":false},"author":1,"featured_media":108454,"comment_status":"closed","ping_status":"open","sticky":false,"template":"","format":"standard","meta":{"content-type":"","footnotes":""},"categories":[16],"tags":[123,2448,5313,1267],"class_list":["post-108453","post","type-post","status-publish","format-standard","has-post-thumbnail","hentry","category-noticias","tag-brasil","tag-diario","tag-noticia","tag-noticias"],"_links":{"self":[{"href":"https:\/\/tvbrazilusa.com\/pt\/wp-json\/wp\/v2\/posts\/108453","targetHints":{"allow":["GET"]}}],"collection":[{"href":"https:\/\/tvbrazilusa.com\/pt\/wp-json\/wp\/v2\/posts"}],"about":[{"href":"https:\/\/tvbrazilusa.com\/pt\/wp-json\/wp\/v2\/types\/post"}],"author":[{"embeddable":true,"href":"https:\/\/tvbrazilusa.com\/pt\/wp-json\/wp\/v2\/users\/1"}],"replies":[{"embeddable":true,"href":"https:\/\/tvbrazilusa.com\/pt\/wp-json\/wp\/v2\/comments?post=108453"}],"version-history":[{"count":1,"href":"https:\/\/tvbrazilusa.com\/pt\/wp-json\/wp\/v2\/posts\/108453\/revisions"}],"predecessor-version":[{"id":108455,"href":"https:\/\/tvbrazilusa.com\/pt\/wp-json\/wp\/v2\/posts\/108453\/revisions\/108455"}],"wp:featuredmedia":[{"embeddable":true,"href":"https:\/\/tvbrazilusa.com\/pt\/wp-json\/wp\/v2\/media\/108454"}],"wp:attachment":[{"href":"https:\/\/tvbrazilusa.com\/pt\/wp-json\/wp\/v2\/media?parent=108453"}],"wp:term":[{"taxonomy":"category","embeddable":true,"href":"https:\/\/tvbrazilusa.com\/pt\/wp-json\/wp\/v2\/categories?post=108453"},{"taxonomy":"post_tag","embeddable":true,"href":"https:\/\/tvbrazilusa.com\/pt\/wp-json\/wp\/v2\/tags?post=108453"}],"curies":[{"name":"wp","href":"https:\/\/api.w.org\/{rel}","templated":true}]}}