{"id":108471,"date":"2025-03-05T16:29:13","date_gmt":"2025-03-05T16:29:13","guid":{"rendered":"https:\/\/tvbrazilusa.com\/2025\/03\/05\/trump-quer-pena-de-morte-para-quem-matar-policial\/"},"modified":"2025-03-05T16:29:15","modified_gmt":"2025-03-05T16:29:15","slug":"trump-quer-pena-de-morte-para-quem-matar-policial","status":"publish","type":"post","link":"https:\/\/tvbrazilusa.com\/pt\/2025\/03\/05\/trump-quer-pena-de-morte-para-quem-matar-policial\/","title":{"rendered":"Trump quer pena de morte para quem matar policial"},"content":{"rendered":"<p> <script async src=\"https:\/\/pagead2.googlesyndication.com\/pagead\/js\/adsbygoogle.js?client=ca-pub-8864793242727901\"\r\n     crossorigin=\"anonymous\"><\/script><br \/>\n<\/p>\n<div>\n<figure class=\"post-image\">\n<\/figure>\n<p>            <span style=\"font-size: 12px\">Foto: Reprodu\u00e7\u00e3o\/YouTube The White House<\/span><\/p>\n<p>            <!-- end metas --><br \/>\n            <!-- ADS --><\/p>\n<div id=\"taboola-read-more\" style=\"display:block; width:100%\">\n<p>O presidente dos Estados Unidos, Donald Trump (Partido Republicano), exortou o Congresso norte-americano a aprovar a pena de morte para quem matar policiais. A declara\u00e7\u00e3o foi dada pelo republicano durante seu discurso em sess\u00e3o conjunta da C\u00e2mara dos Representantes e do Senado na 3\u00aa feira (4.mar.2025).\n<\/p>\n<p>\u201cEu j\u00e1 assinei um decreto pedindo a pena de morte obrigat\u00f3ria para qualquer um que assassinar um policial, e esta noite eu estou pedindo ao Congresso que torne essa pol\u00edtica uma lei permanente\u201d, afirmou Trump.<\/p>\n<p>O presidente se referiu ao\u00a0decreto\u00a0\u201c<em>Restaurar a pena de morte e proteger a seguran\u00e7a p\u00fablica<\/em>\u201d. O texto n\u00e3o exige a pena de morte, mas instrui o chefe do\u00a0DOJ\u00a0(Departamento de Justi\u00e7a dos EUA) a, sempre que poss\u00edvel e em acordo com a lei, aplicar essa penalidade para assassinos de policiais.\n<\/p>\n<p>O decreto, assinado por Trump em 20 de janeiro, inclui a defesa da pena de morte tamb\u00e9m para crimes capitais cometidos por \u201c<em>um estrangeiro presente ilegalmente\u201d<\/em>\u00a0nos EUA.\n<\/p>\n<p><strong>Poder 360<\/strong>              <\/p>\n<\/div>\n<p>                        <!-- Scripts para conteudo --><\/p>\n<p>            <!-- .\/Scripts para conteudo --><br \/>\n            <!-- .\/Mat\u00e9ria --><\/p>\n<div class=\"row mt-3\">\n<div class=\"col-sm-6\">\n                <!-- Whatsapp channel 3--><br \/>\n                <a href=\"https:\/\/chat.whatsapp.com\/B8Qy6Erx4kb6yTzj3kaDco\" target=\"_blank\"><br \/>\n                  <img decoding=\"async\" src=\"https:\/\/diariodobrasilnoticias.com.br\/assets-site\/images\/bot_whatsapp.png\"\/><\/a>\n              <\/div>\n<div class=\"col-sm-6\">\n                <a href=\"https:\/\/t.me\/+_4gTmi5LKo03OTM5\" target=\"_blank\"><br \/>\n                  <img decoding=\"async\" src=\"https:\/\/diariodobrasilnoticias.com.br\/assets-site\/images\/bot_telegram.png\"\/><\/a>\n              <\/div>\n<\/p><\/div>\n<p>            <!-- end post-navigation --><\/p>\n<p>              <!-- end row --><\/p>\n<p>              <!-- end col-12-->\n                      <\/div>\n<p><br \/>\n<br \/><a href=\"https:\/\/diariodobrasilnoticias.com.br\/noticia\/trump-quer-pena-de-morte-para-quem-matar-policial-67c85f9047758\">Source link <\/a><\/p>","protected":false},"excerpt":{"rendered":"<p>Foto: Reprodu\u00e7\u00e3o\/YouTube The White House O presidente dos Estados Unidos, Donald Trump (Partido Republicano), exortou o Congresso norte-americano a aprovar a pena de morte para quem matar policiais. A declara\u00e7\u00e3o&hellip;<\/p>","protected":false},"author":1,"featured_media":108472,"comment_status":"closed","ping_status":"open","sticky":false,"template":"","format":"standard","meta":{"content-type":"","footnotes":""},"categories":[16],"tags":[123,2448,5313,1267],"class_list":["post-108471","post","type-post","status-publish","format-standard","has-post-thumbnail","hentry","category-noticias","tag-brasil","tag-diario","tag-noticia","tag-noticias"],"_links":{"self":[{"href":"https:\/\/tvbrazilusa.com\/pt\/wp-json\/wp\/v2\/posts\/108471","targetHints":{"allow":["GET"]}}],"collection":[{"href":"https:\/\/tvbrazilusa.com\/pt\/wp-json\/wp\/v2\/posts"}],"about":[{"href":"https:\/\/tvbrazilusa.com\/pt\/wp-json\/wp\/v2\/types\/post"}],"author":[{"embeddable":true,"href":"https:\/\/tvbrazilusa.com\/pt\/wp-json\/wp\/v2\/users\/1"}],"replies":[{"embeddable":true,"href":"https:\/\/tvbrazilusa.com\/pt\/wp-json\/wp\/v2\/comments?post=108471"}],"version-history":[{"count":1,"href":"https:\/\/tvbrazilusa.com\/pt\/wp-json\/wp\/v2\/posts\/108471\/revisions"}],"predecessor-version":[{"id":108473,"href":"https:\/\/tvbrazilusa.com\/pt\/wp-json\/wp\/v2\/posts\/108471\/revisions\/108473"}],"wp:featuredmedia":[{"embeddable":true,"href":"https:\/\/tvbrazilusa.com\/pt\/wp-json\/wp\/v2\/media\/108472"}],"wp:attachment":[{"href":"https:\/\/tvbrazilusa.com\/pt\/wp-json\/wp\/v2\/media?parent=108471"}],"wp:term":[{"taxonomy":"category","embeddable":true,"href":"https:\/\/tvbrazilusa.com\/pt\/wp-json\/wp\/v2\/categories?post=108471"},{"taxonomy":"post_tag","embeddable":true,"href":"https:\/\/tvbrazilusa.com\/pt\/wp-json\/wp\/v2\/tags?post=108471"}],"curies":[{"name":"wp","href":"https:\/\/api.w.org\/{rel}","templated":true}]}}