{"id":108527,"date":"2025-03-05T19:31:13","date_gmt":"2025-03-05T19:31:13","guid":{"rendered":"https:\/\/tvbrazilusa.com\/2025\/03\/05\/motorista-que-transportava-atleta-do-bragantino-confessa-ter-dormido-ao-volante\/"},"modified":"2025-03-05T19:31:15","modified_gmt":"2025-03-05T19:31:15","slug":"motorista-que-transportava-atleta-do-bragantino-confessa-ter-dormido-ao-volante","status":"publish","type":"post","link":"https:\/\/tvbrazilusa.com\/pt\/2025\/03\/05\/motorista-que-transportava-atleta-do-bragantino-confessa-ter-dormido-ao-volante\/","title":{"rendered":"Motorista que transportava atleta do Bragantino confessa ter dormido ao volante"},"content":{"rendered":"<p> <script async src=\"https:\/\/pagead2.googlesyndication.com\/pagead\/js\/adsbygoogle.js?client=ca-pub-8864793242727901\"\r\n     crossorigin=\"anonymous\"><\/script><br \/>\n<\/p>\n<div>\n<figure class=\"post-image\">\n<\/figure>\n<p>            <span style=\"font-size: 12px\">Divulga\u00e7\u00e3o\/ Ag\u00eancia Botafogo SP<\/span><\/p>\n<p>            <!-- end metas --><br \/>\n            <!-- ADS --><\/p>\n<div id=\"taboola-read-more\" style=\"display:block; width:100%\">\n<p>O motorista que dirigia o ve\u00edculo em que estavam os jogadores do Bragantino durante o grave acidente desta ter\u00e7a-feira (4\/3), prestou depoimento \u00e0 Pol\u00edcia Civil. O homem afirmou que dormiu ao volante no momento da colis\u00e3o.\n<\/p>\n<p>Pedro Castro, de 18 anos e Pedro Severino, de 19, estavam a caminho do CT da base do clube, localizado no munic\u00edpio de Atibaia, no interior paulista. O acidente aconteceu por volta das 5h, na altura de Americana (SP), quando o carro em que os atletas estava bateu na traseira de um caminh\u00e3o.<\/p>\n<p>Aguinaldo Romero Lago, de 57 anos, afirmou que fez a viagem ap\u00f3s pedido de Pedro Severino. O trajeto come\u00e7ou entre Ribeir\u00e3o Preto e terminaria em Atibaia. Ainda de acordo com o motorista particular, em depoimento, alegou que se preparou para a viagem dormindo entre as 18h do dia anterior \u00e0s 2h de ter\u00e7a, dia da viagem. Mesmo assim, ele admitiu que dormiu ao volante.\n<\/p>\n<p>Pedro Castro sofreu ferimentos leves. J\u00e1 Pedro Severino luta pela vida. No entanto, o Hospital Municipal Walder Tebaldi iniciou os procedimentos que podem confirmar a morte encef\u00e1lica do jovem de 19 anos.\n<\/p>\n<p>Fonte: Metr\u00f3poles              <\/p>\n<\/div>\n<p>                        <!-- Scripts para conteudo --><\/p>\n<p>            <!-- .\/Scripts para conteudo --><br \/>\n            <!-- .\/Mat\u00e9ria --><\/p>\n<div class=\"row mt-3\">\n<div class=\"col-sm-6\">\n                <!-- Whatsapp channel 3--><br \/>\n                <a href=\"https:\/\/chat.whatsapp.com\/B8Qy6Erx4kb6yTzj3kaDco\" target=\"_blank\"><br \/>\n                  <img decoding=\"async\" src=\"https:\/\/diariodobrasilnoticias.com.br\/assets-site\/images\/bot_whatsapp.png\"\/><\/a>\n              <\/div>\n<div class=\"col-sm-6\">\n                <a href=\"https:\/\/t.me\/+_4gTmi5LKo03OTM5\" target=\"_blank\"><br \/>\n                  <img decoding=\"async\" src=\"https:\/\/diariodobrasilnoticias.com.br\/assets-site\/images\/bot_telegram.png\"\/><\/a>\n              <\/div>\n<\/p><\/div>\n<p>            <!-- end post-navigation --><\/p>\n<p>              <!-- end row --><\/p>\n<p>              <!-- end col-12-->\n                      <\/div>\n<p><br \/>\n<br \/><a href=\"https:\/\/diariodobrasilnoticias.com.br\/noticia\/motorista-que-transportava-atleta-do-bragantino-confessa-ter-dormido-ao-volante-67c88abc7aea1\">Source link <\/a><\/p>","protected":false},"excerpt":{"rendered":"<p>Divulga\u00e7\u00e3o\/ Ag\u00eancia Botafogo SP O motorista que dirigia o ve\u00edculo em que estavam os jogadores do Bragantino durante o grave acidente desta ter\u00e7a-feira (4\/3), prestou depoimento \u00e0 Pol\u00edcia Civil. O&hellip;<\/p>","protected":false},"author":1,"featured_media":108528,"comment_status":"closed","ping_status":"open","sticky":false,"template":"","format":"standard","meta":{"content-type":"","footnotes":""},"categories":[16],"tags":[123,2448,5313,1267],"class_list":["post-108527","post","type-post","status-publish","format-standard","has-post-thumbnail","hentry","category-noticias","tag-brasil","tag-diario","tag-noticia","tag-noticias"],"_links":{"self":[{"href":"https:\/\/tvbrazilusa.com\/pt\/wp-json\/wp\/v2\/posts\/108527","targetHints":{"allow":["GET"]}}],"collection":[{"href":"https:\/\/tvbrazilusa.com\/pt\/wp-json\/wp\/v2\/posts"}],"about":[{"href":"https:\/\/tvbrazilusa.com\/pt\/wp-json\/wp\/v2\/types\/post"}],"author":[{"embeddable":true,"href":"https:\/\/tvbrazilusa.com\/pt\/wp-json\/wp\/v2\/users\/1"}],"replies":[{"embeddable":true,"href":"https:\/\/tvbrazilusa.com\/pt\/wp-json\/wp\/v2\/comments?post=108527"}],"version-history":[{"count":1,"href":"https:\/\/tvbrazilusa.com\/pt\/wp-json\/wp\/v2\/posts\/108527\/revisions"}],"predecessor-version":[{"id":108529,"href":"https:\/\/tvbrazilusa.com\/pt\/wp-json\/wp\/v2\/posts\/108527\/revisions\/108529"}],"wp:featuredmedia":[{"embeddable":true,"href":"https:\/\/tvbrazilusa.com\/pt\/wp-json\/wp\/v2\/media\/108528"}],"wp:attachment":[{"href":"https:\/\/tvbrazilusa.com\/pt\/wp-json\/wp\/v2\/media?parent=108527"}],"wp:term":[{"taxonomy":"category","embeddable":true,"href":"https:\/\/tvbrazilusa.com\/pt\/wp-json\/wp\/v2\/categories?post=108527"},{"taxonomy":"post_tag","embeddable":true,"href":"https:\/\/tvbrazilusa.com\/pt\/wp-json\/wp\/v2\/tags?post=108527"}],"curies":[{"name":"wp","href":"https:\/\/api.w.org\/{rel}","templated":true}]}}