{"id":108530,"date":"2025-03-05T19:43:35","date_gmt":"2025-03-05T19:43:35","guid":{"rendered":"https:\/\/tvbrazilusa.com\/2025\/03\/05\/governador-do-pl-vai-contra-bolsonaro-na-questao-da-disputa-ao-senado-em-2026\/"},"modified":"2025-03-05T19:43:37","modified_gmt":"2025-03-05T19:43:37","slug":"governador-do-pl-vai-contra-bolsonaro-na-questao-da-disputa-ao-senado-em-2026","status":"publish","type":"post","link":"https:\/\/tvbrazilusa.com\/pt\/2025\/03\/05\/governador-do-pl-vai-contra-bolsonaro-na-questao-da-disputa-ao-senado-em-2026\/","title":{"rendered":"Governador do PL vai contra Bolsonaro na quest\u00e3o da disputa ao Senado em 2026"},"content":{"rendered":"<p> <script async src=\"https:\/\/pagead2.googlesyndication.com\/pagead\/js\/adsbygoogle.js?client=ca-pub-8864793242727901\"\r\n     crossorigin=\"anonymous\"><\/script><br \/>\n<\/p>\n<div id=\"taboola-read-more\" style=\"display:block; width:100%\">\n<p>A elei\u00e7\u00e3o de 2026 para o Senado em Santa Catarina, estado de maioria bolsonarista, j\u00e1 vem gerando diverg\u00eancias entre Jair Bolsonaro (PL) e o governador Jorginho Mello (PL), aliado do ex-presidente.\n<\/p>\n<p>Enquanto Bolsonaro j\u00e1 declarou que gostaria de uma chapa \u201cpuro-sangue\u201d do PL ao Senado no estado, Jorginho afirmou recentemente que quer compor uma chapa mista com outros partidos.<\/p>\n<p>Em entrevista ao portal L\u00e9o Dias na ter\u00e7a-feira (25\/2), Bolsonaro citou as deputadas federais Caroline de Toni e J\u00falia Zanatta, ambas do PL, com \u201cbons nomes\u201d para concorrer \u00e0s duas vagas ao Senado por Santa Catarina.\n<\/p>\n<p>Um dia depois, o governador contrariou Bolsonaro e afirmou, durante um encontro regional do PL em I\u00e7ara (a cerca de 193 km de Florian\u00f3polis), que o PL n\u00e3o indicar\u00e1 dois candidatos ao Senado em 2026.\n<\/p>\n<p><strong>\u201cAqui tem governador e vai ter composi\u00e7\u00e3o. N\u00f3s n\u00e3o iremos indicar as duas vagas para o Senado\u201d, disse Jorginho Mello.<\/strong>\n<\/p>\n<p>A cidade de I\u00e7ara \u00e9 uma das localidades de Santa Catarina que apoia J\u00falia Zanatta. A deputada, entretanto, n\u00e3o compareceu ao evento, alegando compromissos em S\u00e3o Ludgero, a 55 km de I\u00e7ara.\n<\/p>\n<p>O Senado \u00e9 uma das prioridades para Bolsonaro nas elei\u00e7\u00f5es de 2026. O motivo \u00e9 que a Casa Legislativa \u00e9 respons\u00e1vel por abrir pedidos de impeachment contra ministros do STF.\n<\/p>\n<p>Fonte: Metr\u00f3poles              <\/p>\n<\/div>\n<p><br \/>\n<br \/><a href=\"https:\/\/diariodobrasilnoticias.com.br\/noticia\/governador-do-pl-vai-contra-bolsonaro-na-questao-da-disputa-ao-senado-em-2026-67c88b43286df\">Source link <\/a><\/p>","protected":false},"excerpt":{"rendered":"<p>A elei\u00e7\u00e3o de 2026 para o Senado em Santa Catarina, estado de maioria bolsonarista, j\u00e1 vem gerando diverg\u00eancias entre Jair Bolsonaro (PL) e o governador Jorginho Mello (PL), aliado do&hellip;<\/p>","protected":false},"author":1,"featured_media":108531,"comment_status":"closed","ping_status":"open","sticky":false,"template":"","format":"standard","meta":{"content-type":"","footnotes":""},"categories":[16],"tags":[123,2448,5313,1267],"class_list":["post-108530","post","type-post","status-publish","format-standard","has-post-thumbnail","hentry","category-noticias","tag-brasil","tag-diario","tag-noticia","tag-noticias"],"_links":{"self":[{"href":"https:\/\/tvbrazilusa.com\/pt\/wp-json\/wp\/v2\/posts\/108530","targetHints":{"allow":["GET"]}}],"collection":[{"href":"https:\/\/tvbrazilusa.com\/pt\/wp-json\/wp\/v2\/posts"}],"about":[{"href":"https:\/\/tvbrazilusa.com\/pt\/wp-json\/wp\/v2\/types\/post"}],"author":[{"embeddable":true,"href":"https:\/\/tvbrazilusa.com\/pt\/wp-json\/wp\/v2\/users\/1"}],"replies":[{"embeddable":true,"href":"https:\/\/tvbrazilusa.com\/pt\/wp-json\/wp\/v2\/comments?post=108530"}],"version-history":[{"count":1,"href":"https:\/\/tvbrazilusa.com\/pt\/wp-json\/wp\/v2\/posts\/108530\/revisions"}],"predecessor-version":[{"id":108532,"href":"https:\/\/tvbrazilusa.com\/pt\/wp-json\/wp\/v2\/posts\/108530\/revisions\/108532"}],"wp:featuredmedia":[{"embeddable":true,"href":"https:\/\/tvbrazilusa.com\/pt\/wp-json\/wp\/v2\/media\/108531"}],"wp:attachment":[{"href":"https:\/\/tvbrazilusa.com\/pt\/wp-json\/wp\/v2\/media?parent=108530"}],"wp:term":[{"taxonomy":"category","embeddable":true,"href":"https:\/\/tvbrazilusa.com\/pt\/wp-json\/wp\/v2\/categories?post=108530"},{"taxonomy":"post_tag","embeddable":true,"href":"https:\/\/tvbrazilusa.com\/pt\/wp-json\/wp\/v2\/tags?post=108530"}],"curies":[{"name":"wp","href":"https:\/\/api.w.org\/{rel}","templated":true}]}}