{"id":108542,"date":"2025-03-05T20:15:06","date_gmt":"2025-03-05T20:15:06","guid":{"rendered":"https:\/\/tvbrazilusa.com\/2025\/03\/05\/advogado-solicita-a-embaixada-dos-eua-que-imponha-sancoes-contra-moraes-pela-prisao-de-uma-cidada-norte-americana\/"},"modified":"2025-03-05T20:15:07","modified_gmt":"2025-03-05T20:15:07","slug":"advogado-solicita-a-embaixada-dos-eua-que-imponha-sancoes-contra-moraes-pela-prisao-de-uma-cidada-norte-americana","status":"publish","type":"post","link":"https:\/\/tvbrazilusa.com\/pt\/2025\/03\/05\/advogado-solicita-a-embaixada-dos-eua-que-imponha-sancoes-contra-moraes-pela-prisao-de-uma-cidada-norte-americana\/","title":{"rendered":"Advogado solicita \u00e0 Embaixada dos EUA que imponha san\u00e7\u00f5es contra Moraes pela pris\u00e3o de uma cidad\u00e3 norte-americana"},"content":{"rendered":"<p> <script async src=\"https:\/\/pagead2.googlesyndication.com\/pagead\/js\/adsbygoogle.js?client=ca-pub-8864793242727901\"\r\n     crossorigin=\"anonymous\"><\/script><br \/>\n<\/p>\n<div id=\"taboola-read-more\" style=\"display:block; width:100%\">\n<p>O advogado Paulo Faria denunciou \u00e0 Embaixada dos Estados Unidos no Brasil o ministro do Supremo Tribunal Federal (STF) Alexandre de Moraes por ter mandado prender uma cidad\u00e3 norte-americana.\n<\/p>\n<p>Na peti\u00e7\u00e3o, Faria requer a aplica\u00e7\u00e3o da Lei Magnitsky, norma que permite san\u00e7\u00f5es contra indiv\u00edduos que violam direitos humanos de cidad\u00e3os dos EUA. Faria representa a brasileira e cidad\u00e3 norte-americana Fl\u00e1via Magalh\u00e3es Soares, alvo de pris\u00e3o preventiva no Brasil em raz\u00e3o de um post na rede social X e suposto uso irregular de documentos.<\/p>\n<p>A den\u00fancia, formalizada em 4 de mar\u00e7o de 2025, sustenta que Fl\u00e1via teve sua liberdade violada sem notifica\u00e7\u00e3o pr\u00e9via. Em 2022, ela publicou um conte\u00fado na plataforma Twitter\/X. Em 2023, sua conta foi bloqueada sem aviso, e ela s\u00f3 soube do fato por terceiros. No mesmo ano, entre 5 e 11 de dezembro, entrou e saiu do Brasil regularmente com passaporte norte-americano, registrado pela Pol\u00edcia Federal (PF).\n<\/p>\n<p><strong>Advogado aponta falta de fundamento legal em pedido de pris\u00e3o de Fl\u00e1via<\/strong><br \/>Mesmo sem descumprir decis\u00f5es judiciais, Fl\u00e1via teve pris\u00e3o preventiva decretada em 8 de fevereiro de 2024, e seu nome foi inclu\u00eddo no Banco Nacional de Mandados de Pris\u00e3o do Conselho Nacional de Justi\u00e7a (CNJ) em 14 de fevereiro. Paulo Faria explica que o pedido de pris\u00e3o de Fl\u00e1via n\u00e3o tem fundamento. \u201cA acusa\u00e7\u00e3o de tentar ingressar irregularmente no pa\u00eds \u00e9 infundada, pois seu passaporte foi carimbado conforme os tr\u00e2mites legais de imigra\u00e7\u00e3o\u201d, explica.\n<\/p>\n<p>O advogado argumenta que a pris\u00e3o afronta princ\u00edpios jur\u00eddicos brasileiros e internacionais. \u201cA legisla\u00e7\u00e3o exige intima\u00e7\u00e3o pessoal antes de qualquer puni\u00e7\u00e3o, o que n\u00e3o ocorreu\u201d, disse. \u201cMedidas menos severas, como multas coercitivas, deveriam ter sido aplicadas antes da pris\u00e3o. O caso configura abuso de autoridade e viola\u00e7\u00e3o de garantias constitucionais.\u201d\n<\/p>\n<p><strong>Decis\u00e3o do STF viola emendas da Constitui\u00e7\u00e3o dos EUA<\/strong><br \/>Al\u00e9m disso, a decis\u00e3o viola a Constitui\u00e7\u00e3o dos Estados Unidos. A Primeira Emenda protege a liberdade de express\u00e3o, direito exercido por Fl\u00e1via ao publicar seu conte\u00fado nos Estados Unidos. J\u00e1 a 14\u00aa Emenda resguarda cidad\u00e3os norte-americanos contra a\u00e7\u00f5es ilegais de governos estrangeiros. A censura e a pris\u00e3o arbitr\u00e1ria ferem diretamente essas prote\u00e7\u00f5es legais.\n<\/p>\n<p>O advogado requer a revoga\u00e7\u00e3o da pris\u00e3o preventiva, o reconhecimento das ilegalidades cometidas e a apura\u00e7\u00e3o do caso pela Embaixada dos Estados Unidos. Ele tamb\u00e9m pede a aplica\u00e7\u00e3o da Lei Magnitsky contra Alexandre de Moraes e outros agentes envolvidos, al\u00e9m da atua\u00e7\u00e3o de organismos internacionais de direitos humanos.\n<\/p>\n<p>Fonte: Revista Oeste              <\/p>\n<\/div>\n<p><br \/>\n<br \/><a href=\"https:\/\/diariodobrasilnoticias.com.br\/noticia\/advogado-solicita-a-embaixada-dos-eua-que-imponha-sancoes-contra-moraes-pela-prisao-de-uma-cidada-norte-americana-67c89391eaee4\">Source link <\/a><\/p>","protected":false},"excerpt":{"rendered":"<p>O advogado Paulo Faria denunciou \u00e0 Embaixada dos Estados Unidos no Brasil o ministro do Supremo Tribunal Federal (STF) Alexandre de Moraes por ter mandado prender uma cidad\u00e3 norte-americana. Na&hellip;<\/p>","protected":false},"author":1,"featured_media":108543,"comment_status":"closed","ping_status":"open","sticky":false,"template":"","format":"standard","meta":{"content-type":"","footnotes":""},"categories":[16],"tags":[123,2448,5313,1267],"class_list":["post-108542","post","type-post","status-publish","format-standard","has-post-thumbnail","hentry","category-noticias","tag-brasil","tag-diario","tag-noticia","tag-noticias"],"_links":{"self":[{"href":"https:\/\/tvbrazilusa.com\/pt\/wp-json\/wp\/v2\/posts\/108542","targetHints":{"allow":["GET"]}}],"collection":[{"href":"https:\/\/tvbrazilusa.com\/pt\/wp-json\/wp\/v2\/posts"}],"about":[{"href":"https:\/\/tvbrazilusa.com\/pt\/wp-json\/wp\/v2\/types\/post"}],"author":[{"embeddable":true,"href":"https:\/\/tvbrazilusa.com\/pt\/wp-json\/wp\/v2\/users\/1"}],"replies":[{"embeddable":true,"href":"https:\/\/tvbrazilusa.com\/pt\/wp-json\/wp\/v2\/comments?post=108542"}],"version-history":[{"count":1,"href":"https:\/\/tvbrazilusa.com\/pt\/wp-json\/wp\/v2\/posts\/108542\/revisions"}],"predecessor-version":[{"id":108544,"href":"https:\/\/tvbrazilusa.com\/pt\/wp-json\/wp\/v2\/posts\/108542\/revisions\/108544"}],"wp:featuredmedia":[{"embeddable":true,"href":"https:\/\/tvbrazilusa.com\/pt\/wp-json\/wp\/v2\/media\/108543"}],"wp:attachment":[{"href":"https:\/\/tvbrazilusa.com\/pt\/wp-json\/wp\/v2\/media?parent=108542"}],"wp:term":[{"taxonomy":"category","embeddable":true,"href":"https:\/\/tvbrazilusa.com\/pt\/wp-json\/wp\/v2\/categories?post=108542"},{"taxonomy":"post_tag","embeddable":true,"href":"https:\/\/tvbrazilusa.com\/pt\/wp-json\/wp\/v2\/tags?post=108542"}],"curies":[{"name":"wp","href":"https:\/\/api.w.org\/{rel}","templated":true}]}}