{"id":108594,"date":"2025-03-05T15:27:13","date_gmt":"2025-03-05T15:27:13","guid":{"rendered":"https:\/\/tvbrazilusa.com\/2025\/03\/05\/show-da-manha-a-nova-tatica-de-moraes-para-prender-bolsonaro-05-03-2025\/"},"modified":"2025-03-05T15:27:13","modified_gmt":"2025-03-05T15:27:13","slug":"show-da-manha-a-nova-tatica-de-moraes-para-prender-bolsonaro-05-03-2025","status":"publish","type":"post","link":"https:\/\/tvbrazilusa.com\/pt\/2025\/03\/05\/show-da-manha-a-nova-tatica-de-moraes-para-prender-bolsonaro-05-03-2025\/","title":{"rendered":"SHOW DA MANH\u00c3 &#8211;  A NOVA T\u00c1TICA DE MORAES PARA PRENDER BOLSONARO &#8211; 05\/03\/2025"},"content":{"rendered":"<p><iframe  width=\"580\" height=\"385\" src=\"https:\/\/www.youtube.com\/embed\/ALJ_bzNIZe0?modestbranding=1\" frameborder=\"0\" allowfullscreen><\/iframe><br \/>\n<br \/>Apresentado por Marco Ant\u00f4nio Costa. Convidados: Didi Red Pill e Gustavo Lopes. Participa\u00e7\u00e3o especial: Juliana Moreira Leite. O Show da Manh\u00e3 vai ao ar de segunda a sexta, das 10h \u00e0s 12h.<\/p>\n<p>\ud83d\udd25NOVIDADES NO FIO DIA\u0301RIO! ASSINE COM 33% OFF NO PLANO ANUAL OU 66% OFF NO DEZ A FIO! \ud83d\udc49 <\/p>\n<p>\ud83d\udd25PRE\u0301-VENDA CAMISETAS FIO DIA\u0301RIO (CUPOM \u201cFIODIARIO10\u201d PARA 10% DE DESCONTO) \ud83d\udc49 <\/p>\n<p>\ud83d\udd25APROVEITE AS PROMOC\u0327O\u0303ES DA LIVRARIA FIO DIA\u0301RIO E NA\u0303O CAIA EM NARRATIVAS! \ud83d\udc49 <\/p>\n<p>Inscreva-se no nosso Canal!<\/p>\n<p>Ou\u00e7a no Spotify: <\/p>\n<p>Siga no Instagram:<\/p>\n<p>Marco Ant\u00f4nio Costa: <\/p>\n<p>Fio Di\u00e1rio: <\/p>\n<p><a href=\"https:\/\/www.youtube.com\/watch?v=ALJ_bzNIZe0\">source<\/a><\/p>","protected":false},"excerpt":{"rendered":"<p>Apresentado por Marco Ant\u00f4nio Costa. Convidados: Didi Red Pill e Gustavo Lopes. Participa\u00e7\u00e3o especial: Juliana Moreira Leite. O Show da Manh\u00e3 vai ao ar de segunda a sexta, das 10h&hellip;<\/p>","protected":false},"author":1,"featured_media":108595,"comment_status":"","ping_status":"open","sticky":false,"template":"","format":"standard","meta":{"content-type":"","footnotes":""},"categories":[17],"tags":[136,557,425,487,170,5402,63,33176],"class_list":["post-108594","post","type-post","status-publish","format-standard","has-post-thumbnail","hentry","category-programas","tag-bolsonaro","tag-manha","tag-moraes","tag-nova","tag-para","tag-prender","tag-show","tag-tatica"],"_links":{"self":[{"href":"https:\/\/tvbrazilusa.com\/pt\/wp-json\/wp\/v2\/posts\/108594","targetHints":{"allow":["GET"]}}],"collection":[{"href":"https:\/\/tvbrazilusa.com\/pt\/wp-json\/wp\/v2\/posts"}],"about":[{"href":"https:\/\/tvbrazilusa.com\/pt\/wp-json\/wp\/v2\/types\/post"}],"author":[{"embeddable":true,"href":"https:\/\/tvbrazilusa.com\/pt\/wp-json\/wp\/v2\/users\/1"}],"replies":[{"embeddable":true,"href":"https:\/\/tvbrazilusa.com\/pt\/wp-json\/wp\/v2\/comments?post=108594"}],"version-history":[{"count":0,"href":"https:\/\/tvbrazilusa.com\/pt\/wp-json\/wp\/v2\/posts\/108594\/revisions"}],"wp:featuredmedia":[{"embeddable":true,"href":"https:\/\/tvbrazilusa.com\/pt\/wp-json\/wp\/v2\/media\/108595"}],"wp:attachment":[{"href":"https:\/\/tvbrazilusa.com\/pt\/wp-json\/wp\/v2\/media?parent=108594"}],"wp:term":[{"taxonomy":"category","embeddable":true,"href":"https:\/\/tvbrazilusa.com\/pt\/wp-json\/wp\/v2\/categories?post=108594"},{"taxonomy":"post_tag","embeddable":true,"href":"https:\/\/tvbrazilusa.com\/pt\/wp-json\/wp\/v2\/tags?post=108594"}],"curies":[{"name":"wp","href":"https:\/\/api.w.org\/{rel}","templated":true}]}}