{"id":108648,"date":"2025-03-06T01:27:03","date_gmt":"2025-03-06T01:27:03","guid":{"rendered":"https:\/\/tvbrazilusa.com\/2025\/03\/06\/jovem-de-15-anos-m0rre-apos-ter-relacoes-intimas-com-03-homens-que-conheceu-na-internet\/"},"modified":"2025-03-06T01:27:05","modified_gmt":"2025-03-06T01:27:05","slug":"jovem-de-15-anos-m0rre-apos-ter-relacoes-intimas-com-03-homens-que-conheceu-na-internet","status":"publish","type":"post","link":"https:\/\/tvbrazilusa.com\/pt\/2025\/03\/06\/jovem-de-15-anos-m0rre-apos-ter-relacoes-intimas-com-03-homens-que-conheceu-na-internet\/","title":{"rendered":"Jovem de 15 anos m0rre ap\u00f3s ter rela\u00e7\u00f5es \u00edntimas com 03 homens que conheceu na internet"},"content":{"rendered":"<p> <script async src=\"https:\/\/pagead2.googlesyndication.com\/pagead\/js\/adsbygoogle.js?client=ca-pub-8864793242727901\"\r\n     crossorigin=\"anonymous\"><\/script><br \/>\n<\/p>\n<div id=\"taboola-read-more\" style=\"display:block; width:100%\">\n<p>A morte tr\u00e1gica de Evellyn, de apenas 15 anos, em Santana de Parna\u00edba (SP), chocou a comunidade local e trouxe \u00e0 tona preocupa\u00e7\u00f5es sobre encontros organizados pela internet.\n<\/p>\n<p>O caso, que est\u00e1 sendo investigado como \u201cmorte suspeita\u201d, envolve circunst\u00e2ncias intrigantes e a\u00e7\u00f5es controversas dos envolvidos.<\/p>\n<p>O Encontro e os Momentos Finais<br \/>Evellyn conheceu um garoto pela internet e decidiu encontr\u00e1-lo pessoalmente. No local do encontro, al\u00e9m do rapaz, estavam presentes mais tr\u00eas amigos.\n<\/p>\n<p>Durante o encontro, Evellyn se relacionou com o garoto e, posteriormente, com outro rapaz do grupo.\n<\/p>\n<p>Fonte: Mi-Malist              <\/p>\n<\/div>\n<p><br \/>\n<br \/><a href=\"https:\/\/diariodobrasilnoticias.com.br\/noticia\/jovem-de-15-anos-m0rre-apos-ter-relacoes-intimas-com-03-homens-que-conheceu-na-internet-67c8d799384f4\">Source link <\/a><\/p>","protected":false},"excerpt":{"rendered":"<p>A morte tr\u00e1gica de Evellyn, de apenas 15 anos, em Santana de Parna\u00edba (SP), chocou a comunidade local e trouxe \u00e0 tona preocupa\u00e7\u00f5es sobre encontros organizados pela internet. O caso,&hellip;<\/p>","protected":false},"author":1,"featured_media":108649,"comment_status":"closed","ping_status":"open","sticky":false,"template":"","format":"standard","meta":{"content-type":"","footnotes":""},"categories":[16],"tags":[123,2448,5313,1267],"class_list":["post-108648","post","type-post","status-publish","format-standard","has-post-thumbnail","hentry","category-noticias","tag-brasil","tag-diario","tag-noticia","tag-noticias"],"_links":{"self":[{"href":"https:\/\/tvbrazilusa.com\/pt\/wp-json\/wp\/v2\/posts\/108648","targetHints":{"allow":["GET"]}}],"collection":[{"href":"https:\/\/tvbrazilusa.com\/pt\/wp-json\/wp\/v2\/posts"}],"about":[{"href":"https:\/\/tvbrazilusa.com\/pt\/wp-json\/wp\/v2\/types\/post"}],"author":[{"embeddable":true,"href":"https:\/\/tvbrazilusa.com\/pt\/wp-json\/wp\/v2\/users\/1"}],"replies":[{"embeddable":true,"href":"https:\/\/tvbrazilusa.com\/pt\/wp-json\/wp\/v2\/comments?post=108648"}],"version-history":[{"count":1,"href":"https:\/\/tvbrazilusa.com\/pt\/wp-json\/wp\/v2\/posts\/108648\/revisions"}],"predecessor-version":[{"id":108650,"href":"https:\/\/tvbrazilusa.com\/pt\/wp-json\/wp\/v2\/posts\/108648\/revisions\/108650"}],"wp:featuredmedia":[{"embeddable":true,"href":"https:\/\/tvbrazilusa.com\/pt\/wp-json\/wp\/v2\/media\/108649"}],"wp:attachment":[{"href":"https:\/\/tvbrazilusa.com\/pt\/wp-json\/wp\/v2\/media?parent=108648"}],"wp:term":[{"taxonomy":"category","embeddable":true,"href":"https:\/\/tvbrazilusa.com\/pt\/wp-json\/wp\/v2\/categories?post=108648"},{"taxonomy":"post_tag","embeddable":true,"href":"https:\/\/tvbrazilusa.com\/pt\/wp-json\/wp\/v2\/tags?post=108648"}],"curies":[{"name":"wp","href":"https:\/\/api.w.org\/{rel}","templated":true}]}}