{"id":108654,"date":"2025-03-06T02:00:16","date_gmt":"2025-03-06T02:00:16","guid":{"rendered":"https:\/\/tvbrazilusa.com\/2025\/03\/06\/trump-sobe-o-tom-e-faz-ameaca-ao-hamas-exigindo-libertacao-de-refens\/"},"modified":"2025-03-06T02:00:17","modified_gmt":"2025-03-06T02:00:17","slug":"trump-sobe-o-tom-e-faz-ameaca-ao-hamas-exigindo-libertacao-de-refens","status":"publish","type":"post","link":"https:\/\/tvbrazilusa.com\/pt\/2025\/03\/06\/trump-sobe-o-tom-e-faz-ameaca-ao-hamas-exigindo-libertacao-de-refens\/","title":{"rendered":"Trump sobe o tom e faz amea\u00e7a ao Hamas exigindo liberta\u00e7\u00e3o de ref\u00e9ns"},"content":{"rendered":"<p> <script async src=\"https:\/\/pagead2.googlesyndication.com\/pagead\/js\/adsbygoogle.js?client=ca-pub-8864793242727901\"\r\n     crossorigin=\"anonymous\"><\/script><br \/>\n<\/p>\n<div id=\"taboola-read-more\" style=\"display:block; width:100%\">\n<p>O presidente dos Estados Unidos, Donald Trump, voltou a amea\u00e7ar o Hamas e exigiu a liberta\u00e7\u00e3o imediata de todos os ref\u00e9ns que ainda est\u00e3o na Faixa de Gaza, caso contr\u00e1rio o grupo ter\u00e1 um \u201cinferno para pagar\u201d. A declara\u00e7\u00e3o do presidente norte-americano aconteceu nesta quarta-feira (5\/2).\n<\/p>\n<p><strong>Cessar-fogo sob risco<\/strong><br \/>Em janeiro, Israel e Hamas chegaram a um acordo de cessar-fogo na Faixa de Gaza ap\u00f3s media\u00e7\u00e3o do Catar, Egito e Estados Unidos. A previs\u00e3o inicial era de que o plano fosse dividido em tr\u00eas etapas. <br \/>Na primeira delas, 33 ref\u00e9ns israelenses foram soltos em troca de 1.737 prisioneiros palestinos.<br \/>Contudo, apesar dos esfor\u00e7os diplom\u00e1ticos, o in\u00edcio da segunda fase do cessar-fogo segue travada. A primeira etapa terminou no dia 1\u00ba de mar\u00e7o. <br \/>Assim como nas primeiras negocia\u00e7\u00f5es de paz, Israel e Hamas n\u00e3o t\u00eam conseguido chegar a um consenso sobre os termos da segunda fase do cessar-fogo.<\/p>\n<p><strong>\u201cLiberte todos os ref\u00e9ns agora, n\u00e3o depois, e devolva imediatamente todos os corpos das pessoas que voc\u00eas assassinaram, ou ACABOU para voc\u00ea\u201d, escreveu o presidente dos EUA na Truth Social.<\/strong>\n<\/p>\n<p>Trump afirmou que est\u00e1 \u201cenviando a Israel tudo o que precisa para terminar o trabalho\u201d, e disse que nenhum membro do Hamas estar\u00e1 seguro caso o grupo n\u00e3o devolva todos os ref\u00e9ns que ainda est\u00e3o no enclave palestino.\n<\/p>\n<p><strong>\u201cEste \u00e9 meu \u00faltimo aviso! Para a lideran\u00e7a [do Hamas], agora \u00e9 a hora de deixar Gaza, enquanto voc\u00ea ainda tem uma chance\u201d, disse.<\/strong>\n<\/p>\n<p>Segundo o governo de Israel, o Hamas ainda est\u00e1 em posse de 59 prisioneiros, sendo 35 mortos e 24 vivos.\n<\/p>\n<p><strong>Incertezas<\/strong><br \/>A primeira das tr\u00eas fases do cessar-fogo entre Israel e Hamas terminou no \u00faltimo dia 1\u00ba de mar\u00e7o. Contudo, ambos os lados ainda n\u00e3o chegaram a um acordo sobre a continuidade, ou n\u00e3o, do plano.\n<\/p>\n<p>O principal ponto de discord\u00e2ncia diz respeito a uma extens\u00e3o da primeira-fase do acordo, a pedido do governo de Benjamin Netanyahu, que deseja prolongar a etapa por mais seis semanas.\n<\/p>\n<p>J\u00e1 o Hamas tem falado em seguir o cronograma inicial do acordo firmado anteriormente, e prosseguir as conversas sobre a segunda fase do cessar-fogo. Nesta etapa estava previsto, inicialmente, a liberta\u00e7\u00e3o do restantes dos ref\u00e9ns e presos palestinos, al\u00e9m da retirada das For\u00e7as de Defesa de Israel (FDI) da Faixa de Gaza.\n<\/p>\n<p>Fonte: Metr\u00f3poles              <\/p>\n<\/div>\n<p><br \/>\n<br \/><a href=\"https:\/\/diariodobrasilnoticias.com.br\/noticia\/trump-sobe-o-tom-e-faz-ameaca-ao-hamas-exigindo-libertacao-de-refens-67c8d8442f7d0\">Source link <\/a><\/p>","protected":false},"excerpt":{"rendered":"<p>O presidente dos Estados Unidos, Donald Trump, voltou a amea\u00e7ar o Hamas e exigiu a liberta\u00e7\u00e3o imediata de todos os ref\u00e9ns que ainda est\u00e3o na Faixa de Gaza, caso contr\u00e1rio&hellip;<\/p>","protected":false},"author":1,"featured_media":108655,"comment_status":"closed","ping_status":"open","sticky":false,"template":"","format":"standard","meta":{"content-type":"","footnotes":""},"categories":[16],"tags":[123,2448,5313,1267],"class_list":["post-108654","post","type-post","status-publish","format-standard","has-post-thumbnail","hentry","category-noticias","tag-brasil","tag-diario","tag-noticia","tag-noticias"],"_links":{"self":[{"href":"https:\/\/tvbrazilusa.com\/pt\/wp-json\/wp\/v2\/posts\/108654","targetHints":{"allow":["GET"]}}],"collection":[{"href":"https:\/\/tvbrazilusa.com\/pt\/wp-json\/wp\/v2\/posts"}],"about":[{"href":"https:\/\/tvbrazilusa.com\/pt\/wp-json\/wp\/v2\/types\/post"}],"author":[{"embeddable":true,"href":"https:\/\/tvbrazilusa.com\/pt\/wp-json\/wp\/v2\/users\/1"}],"replies":[{"embeddable":true,"href":"https:\/\/tvbrazilusa.com\/pt\/wp-json\/wp\/v2\/comments?post=108654"}],"version-history":[{"count":1,"href":"https:\/\/tvbrazilusa.com\/pt\/wp-json\/wp\/v2\/posts\/108654\/revisions"}],"predecessor-version":[{"id":108656,"href":"https:\/\/tvbrazilusa.com\/pt\/wp-json\/wp\/v2\/posts\/108654\/revisions\/108656"}],"wp:featuredmedia":[{"embeddable":true,"href":"https:\/\/tvbrazilusa.com\/pt\/wp-json\/wp\/v2\/media\/108655"}],"wp:attachment":[{"href":"https:\/\/tvbrazilusa.com\/pt\/wp-json\/wp\/v2\/media?parent=108654"}],"wp:term":[{"taxonomy":"category","embeddable":true,"href":"https:\/\/tvbrazilusa.com\/pt\/wp-json\/wp\/v2\/categories?post=108654"},{"taxonomy":"post_tag","embeddable":true,"href":"https:\/\/tvbrazilusa.com\/pt\/wp-json\/wp\/v2\/tags?post=108654"}],"curies":[{"name":"wp","href":"https:\/\/api.w.org\/{rel}","templated":true}]}}