{"id":108657,"date":"2025-03-06T02:13:06","date_gmt":"2025-03-06T02:13:06","guid":{"rendered":"https:\/\/tvbrazilusa.com\/2025\/03\/06\/moraes-decide-arquivar-investigacao-contra-ibaneis-rocha-sobre-o-8-de-janeiro\/"},"modified":"2025-03-06T02:13:07","modified_gmt":"2025-03-06T02:13:07","slug":"moraes-decide-arquivar-investigacao-contra-ibaneis-rocha-sobre-o-8-de-janeiro","status":"publish","type":"post","link":"https:\/\/tvbrazilusa.com\/pt\/2025\/03\/06\/moraes-decide-arquivar-investigacao-contra-ibaneis-rocha-sobre-o-8-de-janeiro\/","title":{"rendered":"Moraes decide arquivar investiga\u00e7\u00e3o contra Ibaneis Rocha sobre o 8 de janeiro"},"content":{"rendered":"<p> <script async src=\"https:\/\/pagead2.googlesyndication.com\/pagead\/js\/adsbygoogle.js?client=ca-pub-8864793242727901\"\r\n     crossorigin=\"anonymous\"><\/script><br \/>\n<\/p>\n<div id=\"taboola-read-more\" style=\"display:block; width:100%\">\n<p>O ministro Alexandre de Moraes, do Supremo Tribunal Federal (STF), seguiu entendimento da Procuradoria-Geral da Rep\u00fablica (PGR) e arquivou as investiga\u00e7\u00f5es contra o governador do Distrito Federal, Ibaneis Rocha (MDB), por omiss\u00e3o nos atos de 8 de janeiro de 2023. \u201cDefiro arquivamento deste inqu\u00e9rito em rela\u00e7\u00e3o \u00e0s condutas de Ibaneis Rocha\u201d, disse Moraes.\n<\/p>\n<p>A PGR considerou que os fatos relatados na a\u00e7\u00e3o n\u00e3o revelaram causa para prosseguimento do inqu\u00e9rito penal contra o governador.<\/p>\n<p><strong>\u201cEsgotadas as dilig\u00eancias vi\u00e1veis e sem outra linha investigat\u00f3ria id\u00f4nea, a partir dos elementos de informa\u00e7\u00e3o produzidos at\u00e9 o momento, os fatos relatados n\u00e3o revelam justa causa h\u00e1bil a autorizar o prosseguimento da persecu\u00e7\u00e3o penal contra Ibaneis Rocha Barros J\u00fanior\u201d, escreveu o PGR, Paulo Gonet.<\/strong>\n<\/p>\n<p>Em rela\u00e7\u00e3o ao DF, a procuradoria j\u00e1 denunciou o ex-secret\u00e1rio de Seguran\u00e7a P\u00fablica Anderson Torres e Fernando de Souza Oliveira, ex-secret\u00e1rio-adjunto da pasta. Agora, cabe ao STF decidir se torna ou n\u00e3o os dois r\u00e9us, junto a outras 32 pessoas denunciadas.\n<\/p>\n<p><strong>Inqu\u00e9rito civil<\/strong><br \/>No ano passado, o Minist\u00e9rio P\u00fablico Federal (MPF) arquivou o inqu\u00e9rito civil aberto para apurar poss\u00edvel improbidade administrativa por parte do governador diante dos atos antidemocr\u00e1ticos de 8 de janeiro de 2023.\n<\/p>\n<p>Na \u00e9poca, o procurador da Rep\u00fablica Carlos Henrique Martins Lima considerou que, \u201csob qualquer aspecto examinado\u201d, as invas\u00f5es \u00e0s sedes dos Tr\u00eas Poderes e depreda\u00e7\u00f5es dos pr\u00e9dios, em Bras\u00edlia, \u201cn\u00e3o podem ser atribu\u00eddas ao governador do Distrito Federal, Ibaneis Rocha\u201d. O documento foi publicado em 1\u00ba de novembro de 2023.\n<\/p>\n<p>Fonte: Metr\u00f3poles              <\/p>\n<\/div>\n<p><br \/>\n<br \/><a href=\"https:\/\/diariodobrasilnoticias.com.br\/noticia\/moraes-decide-arquivar-investigacao-contra-ibaneis-rocha-sobre-o-8-de-janeiro-67c8d8f5b6a67\">Source link <\/a><\/p>","protected":false},"excerpt":{"rendered":"<p>O ministro Alexandre de Moraes, do Supremo Tribunal Federal (STF), seguiu entendimento da Procuradoria-Geral da Rep\u00fablica (PGR) e arquivou as investiga\u00e7\u00f5es contra o governador do Distrito Federal, Ibaneis Rocha (MDB),&hellip;<\/p>","protected":false},"author":1,"featured_media":108658,"comment_status":"closed","ping_status":"open","sticky":false,"template":"","format":"standard","meta":{"content-type":"","footnotes":""},"categories":[16],"tags":[123,2448,5313,1267],"class_list":["post-108657","post","type-post","status-publish","format-standard","has-post-thumbnail","hentry","category-noticias","tag-brasil","tag-diario","tag-noticia","tag-noticias"],"_links":{"self":[{"href":"https:\/\/tvbrazilusa.com\/pt\/wp-json\/wp\/v2\/posts\/108657","targetHints":{"allow":["GET"]}}],"collection":[{"href":"https:\/\/tvbrazilusa.com\/pt\/wp-json\/wp\/v2\/posts"}],"about":[{"href":"https:\/\/tvbrazilusa.com\/pt\/wp-json\/wp\/v2\/types\/post"}],"author":[{"embeddable":true,"href":"https:\/\/tvbrazilusa.com\/pt\/wp-json\/wp\/v2\/users\/1"}],"replies":[{"embeddable":true,"href":"https:\/\/tvbrazilusa.com\/pt\/wp-json\/wp\/v2\/comments?post=108657"}],"version-history":[{"count":1,"href":"https:\/\/tvbrazilusa.com\/pt\/wp-json\/wp\/v2\/posts\/108657\/revisions"}],"predecessor-version":[{"id":108659,"href":"https:\/\/tvbrazilusa.com\/pt\/wp-json\/wp\/v2\/posts\/108657\/revisions\/108659"}],"wp:featuredmedia":[{"embeddable":true,"href":"https:\/\/tvbrazilusa.com\/pt\/wp-json\/wp\/v2\/media\/108658"}],"wp:attachment":[{"href":"https:\/\/tvbrazilusa.com\/pt\/wp-json\/wp\/v2\/media?parent=108657"}],"wp:term":[{"taxonomy":"category","embeddable":true,"href":"https:\/\/tvbrazilusa.com\/pt\/wp-json\/wp\/v2\/categories?post=108657"},{"taxonomy":"post_tag","embeddable":true,"href":"https:\/\/tvbrazilusa.com\/pt\/wp-json\/wp\/v2\/tags?post=108657"}],"curies":[{"name":"wp","href":"https:\/\/api.w.org\/{rel}","templated":true}]}}