{"id":108662,"date":"2025-03-06T02:24:27","date_gmt":"2025-03-06T02:24:27","guid":{"rendered":"https:\/\/tvbrazilusa.com\/2025\/03\/06\/lula-recebe-ministro-que-e-alvo-do-mst-e-promove-a-maior-desapropriacao-desde-2017\/"},"modified":"2025-03-06T02:24:29","modified_gmt":"2025-03-06T02:24:29","slug":"lula-recebe-ministro-que-e-alvo-do-mst-e-promove-a-maior-desapropriacao-desde-2017","status":"publish","type":"post","link":"https:\/\/tvbrazilusa.com\/pt\/2025\/03\/06\/lula-recebe-ministro-que-e-alvo-do-mst-e-promove-a-maior-desapropriacao-desde-2017\/","title":{"rendered":"Lula recebe ministro que \u00e9 alvo do MST e promove a maior desapropria\u00e7\u00e3o desde 2017"},"content":{"rendered":"<p> <script async src=\"https:\/\/pagead2.googlesyndication.com\/pagead\/js\/adsbygoogle.js?client=ca-pub-8864793242727901\"\r\n     crossorigin=\"anonymous\"><\/script><br \/>\n<\/p>\n<div id=\"taboola-read-more\" style=\"display:block; width:100%\">\n<p>O presidente Luiz In\u00e1cio Lula da Silva (PT) recebeu na tarde desta quarta-feira (5\/3) o ministro do Desenvolvimento Agr\u00e1rio, Paulo Teixeira. Segundo interlocutores do Planalto, o encontro serviu para tirar o titular da pasta da \u201cfritura\u201d diante de um momento de reconcilia\u00e7\u00e3o com o Movimento dos Trabalhadores Rurais sem Terra (MST). Na sexta (7\/3), o mandat\u00e1rio viaja com comitiva para um assentamento, onde lan\u00e7ar\u00e1 a maior desapropria\u00e7\u00e3o de terras desde 2017, atingindo 13.305 hectares.\n<\/p>\n<p>No encontro com Lula, Teixeira apresentou os decretos de desapropria\u00e7\u00e3o que ser\u00e3o assinados no evento. A expectativa \u00e9 que, com as medidas que ser\u00e3o oficializadas no assentamento em Minas Gerais, o governo chegar\u00e1 a 385 mil hectares entregues a 12,9 mil fam\u00edlias at\u00e9 abril deste ano. Dados sobre o Programa de Aquisi\u00e7\u00e3o de Alimentos (PAA) tamb\u00e9m foram apresentados ao mandat\u00e1rio.<\/p>\n<p>Paulo Teixeira sofreu cr\u00edticas do MST desde o in\u00edcio do governo Lula, por causa de uma suposta demora no processo de reforma agr\u00e1ria. Essas reclama\u00e7\u00f5es passaram a reverberar no PT diante da expectativa de uma ampla reforma ministerial. Uma ala do partido do presidente da Rep\u00fablica passou a defender a troca do ministro por Paulo Pimenta, que \u00e9 deputado federal e deixou a Secretaria de Comunica\u00e7\u00e3o Social (Secom) em janeiro desde ano.\n<\/p>\n<p>A avalia\u00e7\u00e3o do Planalto \u00e9 que n\u00e3o seria contraprodutivo fazer o an\u00fancio na sexta-feira, prometendo aumento nas entregas e uma melhora na rela\u00e7\u00e3o com o MST, ao mesmo tempo em que o ministro respons\u00e1vel por essa \u00e1rea estaria \u201cpendurado\u201d por causa de um fogo amigo do pr\u00f3prio PT.\n<\/p>\n<p><strong>A reforma ministerial de Lula<\/strong><br \/>Enquanto isso, o presidente segue fazendo mist\u00e9rios sobre trocas. At\u00e9 o momento, somente ministros do PT foram deslocados em 2025. Al\u00e9m de trocar Pimenta pelo marqueteiro Sid\u00f4nio Palmeira na Secom, o mandat\u00e1rio colocou a presidente do partido, Gleisi Hoffmann, na Secretaria de Rela\u00e7\u00f5es Institucionais (SRI), enquanto Alexandre Padilha foi deslocado da SRI para o Minist\u00e9rio da Sa\u00fade.\n<\/p>\n<p>Fonte: Metr\u00f3poles              <\/p>\n<\/div>\n<p><br \/>\n<br \/><a href=\"https:\/\/diariodobrasilnoticias.com.br\/noticia\/lula-recebe-ministro-que-e-alvo-do-mst-e-promove-a-maior-desapropriacao-desde-2017-67c8d97e6dfa7\">Source link <\/a><\/p>","protected":false},"excerpt":{"rendered":"<p>O presidente Luiz In\u00e1cio Lula da Silva (PT) recebeu na tarde desta quarta-feira (5\/3) o ministro do Desenvolvimento Agr\u00e1rio, Paulo Teixeira. Segundo interlocutores do Planalto, o encontro serviu para tirar&hellip;<\/p>","protected":false},"author":1,"featured_media":108663,"comment_status":"closed","ping_status":"open","sticky":false,"template":"","format":"standard","meta":{"content-type":"","footnotes":""},"categories":[16],"tags":[123,2448,5313,1267],"class_list":["post-108662","post","type-post","status-publish","format-standard","has-post-thumbnail","hentry","category-noticias","tag-brasil","tag-diario","tag-noticia","tag-noticias"],"_links":{"self":[{"href":"https:\/\/tvbrazilusa.com\/pt\/wp-json\/wp\/v2\/posts\/108662","targetHints":{"allow":["GET"]}}],"collection":[{"href":"https:\/\/tvbrazilusa.com\/pt\/wp-json\/wp\/v2\/posts"}],"about":[{"href":"https:\/\/tvbrazilusa.com\/pt\/wp-json\/wp\/v2\/types\/post"}],"author":[{"embeddable":true,"href":"https:\/\/tvbrazilusa.com\/pt\/wp-json\/wp\/v2\/users\/1"}],"replies":[{"embeddable":true,"href":"https:\/\/tvbrazilusa.com\/pt\/wp-json\/wp\/v2\/comments?post=108662"}],"version-history":[{"count":1,"href":"https:\/\/tvbrazilusa.com\/pt\/wp-json\/wp\/v2\/posts\/108662\/revisions"}],"predecessor-version":[{"id":108664,"href":"https:\/\/tvbrazilusa.com\/pt\/wp-json\/wp\/v2\/posts\/108662\/revisions\/108664"}],"wp:featuredmedia":[{"embeddable":true,"href":"https:\/\/tvbrazilusa.com\/pt\/wp-json\/wp\/v2\/media\/108663"}],"wp:attachment":[{"href":"https:\/\/tvbrazilusa.com\/pt\/wp-json\/wp\/v2\/media?parent=108662"}],"wp:term":[{"taxonomy":"category","embeddable":true,"href":"https:\/\/tvbrazilusa.com\/pt\/wp-json\/wp\/v2\/categories?post=108662"},{"taxonomy":"post_tag","embeddable":true,"href":"https:\/\/tvbrazilusa.com\/pt\/wp-json\/wp\/v2\/tags?post=108662"}],"curies":[{"name":"wp","href":"https:\/\/api.w.org\/{rel}","templated":true}]}}