{"id":108665,"date":"2025-03-06T02:36:30","date_gmt":"2025-03-06T02:36:30","guid":{"rendered":"https:\/\/tvbrazilusa.com\/2025\/03\/06\/justica-determina-que-criador-de-pagina-no-facebook-pague-r-15-mil-de-indenizacao-a-felipe-neto\/"},"modified":"2025-03-06T02:36:32","modified_gmt":"2025-03-06T02:36:32","slug":"justica-determina-que-criador-de-pagina-no-facebook-pague-r-15-mil-de-indenizacao-a-felipe-neto","status":"publish","type":"post","link":"https:\/\/tvbrazilusa.com\/pt\/2025\/03\/06\/justica-determina-que-criador-de-pagina-no-facebook-pague-r-15-mil-de-indenizacao-a-felipe-neto\/","title":{"rendered":"Justi\u00e7a determina que criador de p\u00e1gina no Facebook pague R$ 15 mil de indeniza\u00e7\u00e3o a Felipe Neto"},"content":{"rendered":"<p> <script async src=\"https:\/\/pagead2.googlesyndication.com\/pagead\/js\/adsbygoogle.js?client=ca-pub-8864793242727901\"\r\n     crossorigin=\"anonymous\"><\/script><br \/>\n<\/p>\n<div id=\"taboola-read-more\" style=\"display:block; width:100%\">\n<p>A 1\u00aa Vara C\u00edvel da Barra da Tijuca, no Rio de Janeiro, condenou novamente Murilo Ara\u00fajo, fundador do grupo \u201cVCM \u2014 Vai Chorar Mesmo?\u201d e dono da p\u00e1gina \u201cProcede?\u201d, ambos no Facebook, a indenizar o youtuber Felipe Neto em R$ 15 mil. A apura\u00e7\u00e3o \u00e9 do jornal O Globo.\n<\/p>\n<p>O motivo da condena\u00e7\u00e3o remonta a agosto de 2017, quando Ara\u00fajo, insatisfeito com uma promo\u00e7\u00e3o chamada \u201cDesafio Felipe Neto vs. Lucas Neto (Na Netoland)\u201d, publicou xingamentos e incentivou um ataque virtual contra o influenciador e seu f\u00e3-clube.<\/p>\n<p>Em junho de 2023, Murilo Ara\u00fajo j\u00e1 havia sido condenado pelos mesmos motivos, mas a senten\u00e7a foi anulada no Tribunal de Justi\u00e7a, que determinou o retorno do processo \u00e0 primeira inst\u00e2ncia para novo julgamento.\n<\/p>\n<p><strong>Homem que ofendeu Felipe Neto vai ter de publicar retrata\u00e7\u00e3o<\/strong><br \/>A decis\u00e3o recente tamb\u00e9m estabelece que o r\u00e9u remova todas as postagens ofensivas ao youtuber em um prazo de cinco dias e se abstenha de realizar novos ataques, sob pena de multa de R$ 1 mil por cada publica\u00e7\u00e3o ofensiva.\n<\/p>\n<p>Al\u00e9m disso, a senten\u00e7a obriga Murilo Ara\u00fajo a fazer uma retrata\u00e7\u00e3o p\u00fablica nos mesmos canais em que as ofensas foram publicadas e manter essa retrata\u00e7\u00e3o por 60 dias.\n<\/p>\n<p>Fonte: Revista Oeste              <\/p>\n<\/div>\n<p><br \/>\n<br \/><a href=\"https:\/\/diariodobrasilnoticias.com.br\/noticia\/justica-determina-que-criador-de-pagina-no-facebook-pague-r-15-mil-de-indenizacao-a-felipe-neto-67c8bd9d266d9\">Source link <\/a><\/p>","protected":false},"excerpt":{"rendered":"<p>A 1\u00aa Vara C\u00edvel da Barra da Tijuca, no Rio de Janeiro, condenou novamente Murilo Ara\u00fajo, fundador do grupo \u201cVCM \u2014 Vai Chorar Mesmo?\u201d e dono da p\u00e1gina \u201cProcede?\u201d, ambos&hellip;<\/p>","protected":false},"author":1,"featured_media":108666,"comment_status":"closed","ping_status":"open","sticky":false,"template":"","format":"standard","meta":{"content-type":"","footnotes":""},"categories":[16],"tags":[123,2448,5313,1267],"class_list":["post-108665","post","type-post","status-publish","format-standard","has-post-thumbnail","hentry","category-noticias","tag-brasil","tag-diario","tag-noticia","tag-noticias"],"_links":{"self":[{"href":"https:\/\/tvbrazilusa.com\/pt\/wp-json\/wp\/v2\/posts\/108665","targetHints":{"allow":["GET"]}}],"collection":[{"href":"https:\/\/tvbrazilusa.com\/pt\/wp-json\/wp\/v2\/posts"}],"about":[{"href":"https:\/\/tvbrazilusa.com\/pt\/wp-json\/wp\/v2\/types\/post"}],"author":[{"embeddable":true,"href":"https:\/\/tvbrazilusa.com\/pt\/wp-json\/wp\/v2\/users\/1"}],"replies":[{"embeddable":true,"href":"https:\/\/tvbrazilusa.com\/pt\/wp-json\/wp\/v2\/comments?post=108665"}],"version-history":[{"count":1,"href":"https:\/\/tvbrazilusa.com\/pt\/wp-json\/wp\/v2\/posts\/108665\/revisions"}],"predecessor-version":[{"id":108667,"href":"https:\/\/tvbrazilusa.com\/pt\/wp-json\/wp\/v2\/posts\/108665\/revisions\/108667"}],"wp:featuredmedia":[{"embeddable":true,"href":"https:\/\/tvbrazilusa.com\/pt\/wp-json\/wp\/v2\/media\/108666"}],"wp:attachment":[{"href":"https:\/\/tvbrazilusa.com\/pt\/wp-json\/wp\/v2\/media?parent=108665"}],"wp:term":[{"taxonomy":"category","embeddable":true,"href":"https:\/\/tvbrazilusa.com\/pt\/wp-json\/wp\/v2\/categories?post=108665"},{"taxonomy":"post_tag","embeddable":true,"href":"https:\/\/tvbrazilusa.com\/pt\/wp-json\/wp\/v2\/tags?post=108665"}],"curies":[{"name":"wp","href":"https:\/\/api.w.org\/{rel}","templated":true}]}}