{"id":108671,"date":"2025-03-06T03:08:26","date_gmt":"2025-03-06T03:08:26","guid":{"rendered":"https:\/\/tvbrazilusa.com\/2025\/03\/06\/comandante-ucraniano-afirma-que-a-otan-nao-esta-preparada-para-lidar-com-conflitos-envolvendo-drones\/"},"modified":"2025-03-06T03:08:30","modified_gmt":"2025-03-06T03:08:30","slug":"comandante-ucraniano-afirma-que-a-otan-nao-esta-preparada-para-lidar-com-conflitos-envolvendo-drones","status":"publish","type":"post","link":"https:\/\/tvbrazilusa.com\/pt\/2025\/03\/06\/comandante-ucraniano-afirma-que-a-otan-nao-esta-preparada-para-lidar-com-conflitos-envolvendo-drones\/","title":{"rendered":"Comandante ucraniano afirma que a Otan n\u00e3o est\u00e1 preparada para lidar com conflitos envolvendo drones"},"content":{"rendered":"<p> <script async src=\"https:\/\/pagead2.googlesyndication.com\/pagead\/js\/adsbygoogle.js?client=ca-pub-8864793242727901\"\r\n     crossorigin=\"anonymous\"><\/script><br \/>\n<\/p>\n<div id=\"taboola-read-more\" style=\"display:block; width:100%\">\n<p>As For\u00e7as Armadas dos pa\u00edses que comp\u00f5em a alian\u00e7a militar ocidental Organiza\u00e7\u00e3o do Tratado do Atl\u00e2ntico Norte (Otan) n\u00e3o est\u00e3o preparadas para uma guerra moderna de drones, alertou o comandante militar respons\u00e1vel pelos sistemas n\u00e3o tripulados da Ucr\u00e2nia, tr\u00eas anos ap\u00f3s o in\u00edcio de um conflito com a R\u00fassia, no qual ambos os lados est\u00e3o buscando uma vantagem tecnol\u00f3gica.\n<\/p>\n<p>Kiev est\u00e1 se esfor\u00e7ando para ficar \u00e0 frente do inimigo, empregando intelig\u00eancia artificial, implantando mais drones terrestres e testando lasers para derrubar ve\u00edculos a\u00e9reos n\u00e3o tripulados russos, disse o coronel Vadym Sukharevskyi, chefe das For\u00e7as de Sistemas N\u00e3o Tripulados da Ucr\u00e2nia.<\/p>\n<p>Falando em um escrit\u00f3rio rec\u00e9m-equipado para as rec\u00e9m-fundadas For\u00e7as de Sistemas N\u00e3o Tripulados, cuja localiza\u00e7\u00e3o a Reuters foi solicitada a n\u00e3o divulgar, Sukharevskyi exp\u00f4s os saltos e limites em que a guerra de drones avan\u00e7ou desde o in\u00edcio da invas\u00e3o em 2022 e as maneiras pelas quais ela derrubou as doutrinas de guerra estabelecidas.\n<\/p>\n<p>&#8220;Pelo que vejo e ou\u00e7o, nem um \u00fanico Ex\u00e9rcito da Otan est\u00e1 pronto para resistir \u00e0 cascata de drones&#8221;, disse Sukharevskyi \u00e0 Reuters em uma entrevista recente.\n<\/p>\n<p>Ele disse que a Otan deveria reconhecer a vantagem econ\u00f4mica dos drones, que geralmente custam muito menos para serem constru\u00eddos do que o armamento convencional necess\u00e1rio para derrub\u00e1-los.\n<\/p>\n<p>&#8220;Quanto custa um m\u00edssil que abate um Shahed (drone) (russo) e quanto custa enviar um navio, um avi\u00e3o e um sistema de defesa a\u00e9rea para disparar contra ele?&#8221;\n<\/p>\n<p>Os drones de longo alcance podem custar apenas alguns milhares de d\u00f3lares para os modelos mais b\u00e1sicos de chamariz, embora os drones de ataque Shahed tenham sido estimados em dezenas de milhares. Os m\u00edsseis interceptadores de defesa a\u00e9rea geralmente custam seis ou sete d\u00edgitos de d\u00f3lares norte-americanos e muitos pa\u00edses mant\u00eam apenas estoques limitados, tornando seu uso altamente antiecon\u00f4mico.\n<\/p>\n<p>Os coment\u00e1rios de Sukharevskyi ocorrem no momento em que alguns membros da Otan na Europa aumentam os gastos com defesa para se prepararem para a guerra, caso o conflito na Ucr\u00e2nia se arraste ou aumente. Com o apoio dos EUA \u00e0 Ucr\u00e2nia e \u00e0 Europa vacilando, esses esfor\u00e7os se intensificaram.\n<\/p>\n<p>Desde que a R\u00fassia invadiu a Ucr\u00e2nia em 2022, houve uma grande expans\u00e3o no uso de drones.\n<\/p>\n<p>A Ucr\u00e2nia afirma ter fabricado 2,2 milh\u00f5es de pequenos drones de vis\u00e3o em primeira pessoa (FPV) e 100.000 drones maiores e de longo alcance em 2024. A R\u00fassia estimou anteriormente que produziria 1,4 milh\u00e3o de drones FPV no mesmo ano.\n<\/p>\n<p>&#8220;Neste momento, at\u00e9 mesmo o comandante-chefe das For\u00e7as Armadas da Ucr\u00e2nia diz que mais de 60% dos alvos s\u00e3o destru\u00eddos por drones&#8221;, disse Sukharevskyi.\n<\/p>\n<p>&#8220;A \u00fanica quest\u00e3o \u00e9 como as t\u00e1ticas de seu uso se desenvolver\u00e3o e, em seguida, o aspecto tecnol\u00f3gico.&#8221;\n<\/p>\n<p>Fonte: Uol Not\u00edcias              <\/p>\n<\/div>\n<p><br \/>\n<br \/><a href=\"https:\/\/diariodobrasilnoticias.com.br\/noticia\/comandante-ucraniano-afirma-que-a-otan-nao-esta-preparada-para-lidar-com-conflitos-envolvendo-drones-67c8cb240e044\">Source link <\/a><\/p>","protected":false},"excerpt":{"rendered":"<p>As For\u00e7as Armadas dos pa\u00edses que comp\u00f5em a alian\u00e7a militar ocidental Organiza\u00e7\u00e3o do Tratado do Atl\u00e2ntico Norte (Otan) n\u00e3o est\u00e3o preparadas para uma guerra moderna de drones, alertou o comandante&hellip;<\/p>","protected":false},"author":1,"featured_media":108672,"comment_status":"closed","ping_status":"open","sticky":false,"template":"","format":"standard","meta":{"content-type":"","footnotes":""},"categories":[16],"tags":[123,2448,5313,1267],"class_list":["post-108671","post","type-post","status-publish","format-standard","has-post-thumbnail","hentry","category-noticias","tag-brasil","tag-diario","tag-noticia","tag-noticias"],"_links":{"self":[{"href":"https:\/\/tvbrazilusa.com\/pt\/wp-json\/wp\/v2\/posts\/108671","targetHints":{"allow":["GET"]}}],"collection":[{"href":"https:\/\/tvbrazilusa.com\/pt\/wp-json\/wp\/v2\/posts"}],"about":[{"href":"https:\/\/tvbrazilusa.com\/pt\/wp-json\/wp\/v2\/types\/post"}],"author":[{"embeddable":true,"href":"https:\/\/tvbrazilusa.com\/pt\/wp-json\/wp\/v2\/users\/1"}],"replies":[{"embeddable":true,"href":"https:\/\/tvbrazilusa.com\/pt\/wp-json\/wp\/v2\/comments?post=108671"}],"version-history":[{"count":1,"href":"https:\/\/tvbrazilusa.com\/pt\/wp-json\/wp\/v2\/posts\/108671\/revisions"}],"predecessor-version":[{"id":108673,"href":"https:\/\/tvbrazilusa.com\/pt\/wp-json\/wp\/v2\/posts\/108671\/revisions\/108673"}],"wp:featuredmedia":[{"embeddable":true,"href":"https:\/\/tvbrazilusa.com\/pt\/wp-json\/wp\/v2\/media\/108672"}],"wp:attachment":[{"href":"https:\/\/tvbrazilusa.com\/pt\/wp-json\/wp\/v2\/media?parent=108671"}],"wp:term":[{"taxonomy":"category","embeddable":true,"href":"https:\/\/tvbrazilusa.com\/pt\/wp-json\/wp\/v2\/categories?post=108671"},{"taxonomy":"post_tag","embeddable":true,"href":"https:\/\/tvbrazilusa.com\/pt\/wp-json\/wp\/v2\/tags?post=108671"}],"curies":[{"name":"wp","href":"https:\/\/api.w.org\/{rel}","templated":true}]}}