{"id":108674,"date":"2025-03-06T03:22:36","date_gmt":"2025-03-06T03:22:36","guid":{"rendered":"https:\/\/tvbrazilusa.com\/2025\/03\/06\/militante-do-psol-comenta-racha-na-esquerda-e-admite-crise-do-governo-lula\/"},"modified":"2025-03-06T03:22:37","modified_gmt":"2025-03-06T03:22:37","slug":"militante-do-psol-comenta-racha-na-esquerda-e-admite-crise-do-governo-lula","status":"publish","type":"post","link":"https:\/\/tvbrazilusa.com\/pt\/2025\/03\/06\/militante-do-psol-comenta-racha-na-esquerda-e-admite-crise-do-governo-lula\/","title":{"rendered":"Militante do Psol comenta racha na esquerda e admite crise do governo Lula"},"content":{"rendered":"<p> <script async src=\"https:\/\/pagead2.googlesyndication.com\/pagead\/js\/adsbygoogle.js?client=ca-pub-8864793242727901\"\r\n     crossorigin=\"anonymous\"><\/script><br \/>\n<\/p>\n<div id=\"taboola-read-more\" style=\"display:block; width:100%\">\n<p>Em entrevista ao portal UOL, nesta quarta-feira, 5, o militante do Partido Socialismo e Liberdade (Psol) Vladimir Safatle comentou o racha na esquerda brasileira. Ele ainda admitiu que o governo do presidente Luiz In\u00e1cio Lula da Silva sofre com uma crise sem precedentes.\n<\/p>\n<p>Safatle, que tamb\u00e9m \u00e9 fil\u00f3sofo e professor da Universidade de S\u00e3o Paulo (USP), se referiu aos problemas internos que os integrantes do Psol est\u00e3o enfrentando.<\/p>\n<p><strong>Discuss\u00f5es sobre o apoio ao governo Lula<\/strong><br \/>De acordo com o portal UOL, as discuss\u00f5es sobre o apoio incondicional da legenda ao governo Lula t\u00eam levado a xingamentos entre os integrantes da sigla.\n<\/p>\n<p>Hoje, o Psol se divide em duas alas. O grupo mais poderoso, conhecido como \u201cala majorit\u00e1ria\u201d, possui oito deputados. Guilherme Boulos est\u00e1 \u00e0 frente. O grupo minorit\u00e1rio, por sua vez, re\u00fane cinco parlamentares.\n<\/p>\n<p>A ala majorit\u00e1ria defende o apoio ao governo Lula. Esse grupo acusa a ala minorit\u00e1ria de ficar \u201cdiscutindo teses de esquerda com convertidos ao partido, em vez de enfrentar a direita\u201d \u2014 seu inimigo real.\n<\/p>\n<p>De acordo com Safatle, o Psol passa por isso porque tem problemas estruturais. Ele ainda disse que n\u00e3o h\u00e1 como trabalhar para conseguir uma alternativa para a esquerda. Segundo ele, a legenda n\u00e3o sabe resolver os pr\u00f3prios problemas.\n<\/p>\n<p><strong>O resultado do Psol nas \u00faltimas elei\u00e7\u00f5es municipais <\/strong><br \/>Al\u00e9m disso, Safatle lembrou que o Psol teve um resultado p\u00edfio nas \u00faltimas elei\u00e7\u00f5es municipais. O partido perdeu cinco prefeituras. Tamb\u00e9m diminuiu o n\u00famero de vereadores em todo o pa\u00eds \u2014 de 92 para 80.\n<\/p>\n<p>Para piorar a situa\u00e7\u00e3o da esquerda, segundo Safatle, a popularidade do governo Lula cai a cada dia que passa. \u201cN\u00e3o estamos usando as estrat\u00e9gias para vencer a direita\u201d, afirmou. \u201cApenas apoiar o governo n\u00e3o vai adiantar.\u201d\n<\/p>\n<p>Fonte: Rveista Oeste              <\/p>\n<\/div>\n<p><br \/>\n<br \/><a href=\"https:\/\/diariodobrasilnoticias.com.br\/noticia\/militante-do-psol-comenta-racha-na-esquerda-e-admite-crise-do-governo-lula-67c8dbc382937\">Source link <\/a><\/p>","protected":false},"excerpt":{"rendered":"<p>Em entrevista ao portal UOL, nesta quarta-feira, 5, o militante do Partido Socialismo e Liberdade (Psol) Vladimir Safatle comentou o racha na esquerda brasileira. Ele ainda admitiu que o governo&hellip;<\/p>","protected":false},"author":1,"featured_media":108675,"comment_status":"closed","ping_status":"open","sticky":false,"template":"","format":"standard","meta":{"content-type":"","footnotes":""},"categories":[16],"tags":[123,2448,5313,1267],"class_list":["post-108674","post","type-post","status-publish","format-standard","has-post-thumbnail","hentry","category-noticias","tag-brasil","tag-diario","tag-noticia","tag-noticias"],"_links":{"self":[{"href":"https:\/\/tvbrazilusa.com\/pt\/wp-json\/wp\/v2\/posts\/108674","targetHints":{"allow":["GET"]}}],"collection":[{"href":"https:\/\/tvbrazilusa.com\/pt\/wp-json\/wp\/v2\/posts"}],"about":[{"href":"https:\/\/tvbrazilusa.com\/pt\/wp-json\/wp\/v2\/types\/post"}],"author":[{"embeddable":true,"href":"https:\/\/tvbrazilusa.com\/pt\/wp-json\/wp\/v2\/users\/1"}],"replies":[{"embeddable":true,"href":"https:\/\/tvbrazilusa.com\/pt\/wp-json\/wp\/v2\/comments?post=108674"}],"version-history":[{"count":1,"href":"https:\/\/tvbrazilusa.com\/pt\/wp-json\/wp\/v2\/posts\/108674\/revisions"}],"predecessor-version":[{"id":108676,"href":"https:\/\/tvbrazilusa.com\/pt\/wp-json\/wp\/v2\/posts\/108674\/revisions\/108676"}],"wp:featuredmedia":[{"embeddable":true,"href":"https:\/\/tvbrazilusa.com\/pt\/wp-json\/wp\/v2\/media\/108675"}],"wp:attachment":[{"href":"https:\/\/tvbrazilusa.com\/pt\/wp-json\/wp\/v2\/media?parent=108674"}],"wp:term":[{"taxonomy":"category","embeddable":true,"href":"https:\/\/tvbrazilusa.com\/pt\/wp-json\/wp\/v2\/categories?post=108674"},{"taxonomy":"post_tag","embeddable":true,"href":"https:\/\/tvbrazilusa.com\/pt\/wp-json\/wp\/v2\/tags?post=108674"}],"curies":[{"name":"wp","href":"https:\/\/api.w.org\/{rel}","templated":true}]}}