{"id":108706,"date":"2025-03-06T11:42:43","date_gmt":"2025-03-06T11:42:43","guid":{"rendered":"https:\/\/tvbrazilusa.com\/2025\/03\/06\/pgr-se-manifesta-contra-recurso-de-daniel-silveira-para-reaver-livramento-condicional\/"},"modified":"2025-03-06T11:42:45","modified_gmt":"2025-03-06T11:42:45","slug":"pgr-se-manifesta-contra-recurso-de-daniel-silveira-para-reaver-livramento-condicional","status":"publish","type":"post","link":"https:\/\/tvbrazilusa.com\/pt\/2025\/03\/06\/pgr-se-manifesta-contra-recurso-de-daniel-silveira-para-reaver-livramento-condicional\/","title":{"rendered":"PGR se manifesta contra recurso de Daniel Silveira para reaver livramento condicional"},"content":{"rendered":"<p> <script async src=\"https:\/\/pagead2.googlesyndication.com\/pagead\/js\/adsbygoogle.js?client=ca-pub-8864793242727901\"\r\n     crossorigin=\"anonymous\"><\/script><br \/>\n<\/p>\n<div id=\"taboola-read-more\" style=\"display:block; width:100%\">\n<p>Na quarta-feira 5, o vice-procurador-geral da Rep\u00fablica, Hindenburgo Filho, se manifestou contra um recurso apresentado pelos advogados de Daniel Silveira.\n<\/p>\n<p>A defesa entrou com um agravo regimental a fim de tentar reverter a decis\u00e3o do ministro Alexandre de Moraes, do Supremo Tribunal Federal (STF), que revogou o livramento condicional do ex-deputado, na v\u00e9spera do Natal de 2024, em virtude de suposto descumprimento de cautelares.<\/p>\n<p>De acordo com Filho, \u201cn\u00e3o houve ofensa ao art. 118, \u00a7 2\u00ba, da Lei de Execu\u00e7\u00f5es Penais\u201d, conforme alegou a defesa, \u201cpois o livramento s\u00f3 foi efetivamente revogado ap\u00f3s a audi\u00eancia de justifica\u00e7\u00e3o\u201d.\n<\/p>\n<p>Al\u00e9m disso, segundo o vice-procurador, \u201cimprocedem\u201d as justificativas de Silveira para deixar a sua casa fora do hor\u00e1rio permitido. \u00c0 \u00e9poca, a coluna noticiou a ida do ex-deputado ao hospital, em virtude de uma crise renal. \u201cOs registros do sistema de monitoramento mostram que o agravante permaneceu, no dia 22.12.2024, fora de sua resid\u00eancia por per\u00edodo superior a dez horas, durante o qual deslocou-se para v\u00e1rios locais, incluindo um shopping center\u201d, observou Filho. \u201cMuito embora alegue erro, a d\u00favida jamais poderia lev\u00e1-lo a decidir por conta pr\u00f3pria sobre o alcance das restri\u00e7\u00f5es a que se encontrava submetido. A \u00fanica forma poss\u00edvel e sensata para agir em situa\u00e7\u00e3o de tamanha sensibilidade seria encaminhar, por interm\u00e9dio de sua t\u00e3o combativa defesa, pedido de esclarecimento ao relator. A\u00ed, sim, se excluiria a interpreta\u00e7\u00e3o oportuna, com a qual, de resto, procura se livrar da responsabilidade que decorre de suas pr\u00f3prias atitudes.\u201d\n<\/p>\n<p>PGR fala em arma de fogo de Daniel Silveira\n<\/p>\n<p>Ainda no parecer, Filho mencionou uma arma de fogo em nome de Silveira, cuja exist\u00eancia teria sido omitida pela defesa.\n<\/p>\n<p>\u201cNo que concerne \u00e0 posse de arma de fogo, a veda\u00e7\u00e3o era expl\u00edcita, mas, mesmo assim, a exist\u00eancia do artefato n\u00e3o foi espontaneamente informada nos autos\u201d, disse o vice-PGR. \u201cSomente ap\u00f3s o Ex\u00e9rcito apontar o registro da arma \u00e9 que a defesa reconheceu a sua exist\u00eancia, sob a p\u00e1lida justificativa de que estava aguardando uma ordem espec\u00edfica de entrega.\u201d<\/p>\n<p>Fonte: Revista Oeste              <\/p>\n<\/div>\n<p><br \/>\n<br \/><a href=\"https:\/\/diariodobrasilnoticias.com.br\/noticia\/pgr-se-manifesta-contra-recurso-de-daniel-silveira-para-reaver-livramento-condicional-67c977ede7e00\">Source link <\/a><\/p>","protected":false},"excerpt":{"rendered":"<p>Na quarta-feira 5, o vice-procurador-geral da Rep\u00fablica, Hindenburgo Filho, se manifestou contra um recurso apresentado pelos advogados de Daniel Silveira. A defesa entrou com um agravo regimental a fim de&hellip;<\/p>","protected":false},"author":1,"featured_media":108707,"comment_status":"closed","ping_status":"open","sticky":false,"template":"","format":"standard","meta":{"content-type":"","footnotes":""},"categories":[16],"tags":[123,2448,5313,1267],"class_list":["post-108706","post","type-post","status-publish","format-standard","has-post-thumbnail","hentry","category-noticias","tag-brasil","tag-diario","tag-noticia","tag-noticias"],"_links":{"self":[{"href":"https:\/\/tvbrazilusa.com\/pt\/wp-json\/wp\/v2\/posts\/108706","targetHints":{"allow":["GET"]}}],"collection":[{"href":"https:\/\/tvbrazilusa.com\/pt\/wp-json\/wp\/v2\/posts"}],"about":[{"href":"https:\/\/tvbrazilusa.com\/pt\/wp-json\/wp\/v2\/types\/post"}],"author":[{"embeddable":true,"href":"https:\/\/tvbrazilusa.com\/pt\/wp-json\/wp\/v2\/users\/1"}],"replies":[{"embeddable":true,"href":"https:\/\/tvbrazilusa.com\/pt\/wp-json\/wp\/v2\/comments?post=108706"}],"version-history":[{"count":1,"href":"https:\/\/tvbrazilusa.com\/pt\/wp-json\/wp\/v2\/posts\/108706\/revisions"}],"predecessor-version":[{"id":108708,"href":"https:\/\/tvbrazilusa.com\/pt\/wp-json\/wp\/v2\/posts\/108706\/revisions\/108708"}],"wp:featuredmedia":[{"embeddable":true,"href":"https:\/\/tvbrazilusa.com\/pt\/wp-json\/wp\/v2\/media\/108707"}],"wp:attachment":[{"href":"https:\/\/tvbrazilusa.com\/pt\/wp-json\/wp\/v2\/media?parent=108706"}],"wp:term":[{"taxonomy":"category","embeddable":true,"href":"https:\/\/tvbrazilusa.com\/pt\/wp-json\/wp\/v2\/categories?post=108706"},{"taxonomy":"post_tag","embeddable":true,"href":"https:\/\/tvbrazilusa.com\/pt\/wp-json\/wp\/v2\/tags?post=108706"}],"curies":[{"name":"wp","href":"https:\/\/api.w.org\/{rel}","templated":true}]}}