{"id":108709,"date":"2025-03-06T11:56:02","date_gmt":"2025-03-06T11:56:02","guid":{"rendered":"https:\/\/tvbrazilusa.com\/2025\/03\/06\/lider-da-oposicao-solicita-afastamento-de-secretario-do-ministerio-da-educacao\/"},"modified":"2025-03-06T11:56:04","modified_gmt":"2025-03-06T11:56:04","slug":"lider-da-oposicao-solicita-afastamento-de-secretario-do-ministerio-da-educacao","status":"publish","type":"post","link":"https:\/\/tvbrazilusa.com\/pt\/2025\/03\/06\/lider-da-oposicao-solicita-afastamento-de-secretario-do-ministerio-da-educacao\/","title":{"rendered":"L\u00edder da oposi\u00e7\u00e3o solicita afastamento de secret\u00e1rio do Minist\u00e9rio da Educa\u00e7\u00e3o"},"content":{"rendered":"<p> <script async src=\"https:\/\/pagead2.googlesyndication.com\/pagead\/js\/adsbygoogle.js?client=ca-pub-8864793242727901\"\r\n     crossorigin=\"anonymous\"><\/script><br \/>\n<\/p>\n<div id=\"taboola-read-more\" style=\"display:block; width:100%\">\n<p>O deputado federal Luciano Zucco (PL-RS), l\u00edder da oposi\u00e7\u00e3o na C\u00e2mara dos Deputados, apresentou, nesta quarta-feira, 5, uma representa\u00e7\u00e3o ao Tribunal de Contas da Uni\u00e3o (TCU). Ele solicitou o afastamento de Leonardo Osvaldo Barchini Rosa do cargo de secret\u00e1rio-executivo do Minist\u00e9rio da Educa\u00e7\u00e3o (MEC).\n<\/p>\n<p>No documento, o parlamentar aponta ind\u00edcios de m\u00e1 gest\u00e3o dos recursos p\u00fablicos para beneficiar a Organiza\u00e7\u00e3o dos Estados Ibero-Americanos (OEI).<\/p>\n<p>O contrato com a OEI<br \/>O governo brasileiro contratou a OEI por R$ 478,3 milh\u00f5es para organizar a Confer\u00eancia das Na\u00e7\u00f5es Unidas sobre Mudan\u00e7a do Clima (COP30).\n<\/p>\n<p>O contrato, assinado sem licita\u00e7\u00e3o em dezembro, \u00e9 v\u00e1lido at\u00e9 junho de 2026. A COP30 est\u00e1 prevista para ocorrer em novembro deste ano, no Par\u00e1. A representa\u00e7\u00e3o de Zucco tamb\u00e9m solicita a suspens\u00e3o imediata do acordo de coopera\u00e7\u00e3o internacional.\n<\/p>\n<p>Zucco argumenta que Barchini Rosa, diretor da OEI no Brasil de setembro de 2023 a julho de 2024, influenciou pagamentos do governo federal \u00e0 organiza\u00e7\u00e3o, que somaram R$ 46,8 milh\u00f5es no per\u00edodo.\n<\/p>\n<p>Depois de seu retorno ao MEC, em agosto de 2024, os gastos com a organiza\u00e7\u00e3o aumentaram significativamente. Segundo o Portal da Transpar\u00eancia, o valor atingiu R$ 133,4 milh\u00f5es at\u00e9 janeiro de 2025.\n<\/p>\n<p>\u00a0<\/p>\n<p>A representa\u00e7\u00e3o destaca que, durante o tempo em que Barchini esteve na OEI e depois no minist\u00e9rio, o governo brasileiro fez doa\u00e7\u00f5es significativas \u00e0 organiza\u00e7\u00e3o, o que totalizou R$ 98 milh\u00f5es.\n<\/p>\n<p>O documento expressa preocupa\u00e7\u00e3o com a transfer\u00eancia volumosa de recursos p\u00fablicos para a OEI. Isso sugere, de acordo com Zucco, que h\u00e1 uma influ\u00eancia pol\u00edtica significativa por tr\u00e1s dessas a\u00e7\u00f5es.\n<\/p>\n<h2 class=\"wp-block-heading\">L\u00edder da oposi\u00e7\u00e3o menciona pagamentos antecipados<\/h2>\n<p>Outro ponto levantado no documento apresentado ao TCU s\u00e3o os \u201cpagamentos antecipados\u201d relacionados \u00e0 prepara\u00e7\u00e3o e organiza\u00e7\u00e3o da COP30.\u00a0\n<\/p>\n<p>Embora o contrato tenha sido formalizado em dezembro, registros no Portal da Transpar\u00eancia mostram que dois pagamentos, que totalizaram R$ 20,7 milh\u00f5es, foram feitos \u00e0 OEI em agosto e dezembro de 2024.\n<\/p>\n<p>A OEI defendeu-se das acusa\u00e7\u00f5es. Em nota, o \u00f3rg\u00e3o afirmou que todos os conv\u00eanios passam por processos rigorosos de auditoria interna e externa.\n<\/p>\n<p>\u201cTodo esse hist\u00f3rico respalda a confian\u00e7a do governo brasileiro na capacidade de gest\u00e3o da OEI para apoiar a organiza\u00e7\u00e3o da pr\u00f3xima COP30, que ser\u00e1 realizada em Bel\u00e9m, no Par\u00e1\u201d, afirmou a OEI.\n<\/p>\n<p>Fonte: Revista Oeste              <\/p>\n<\/div>\n<p><br \/>\n<br \/><a href=\"https:\/\/diariodobrasilnoticias.com.br\/noticia\/lider-da-oposicao-solicita-afastamento-de-secretario-do-ministerio-da-educacao-67c978c9ef346\">Source link <\/a><\/p>","protected":false},"excerpt":{"rendered":"<p>O deputado federal Luciano Zucco (PL-RS), l\u00edder da oposi\u00e7\u00e3o na C\u00e2mara dos Deputados, apresentou, nesta quarta-feira, 5, uma representa\u00e7\u00e3o ao Tribunal de Contas da Uni\u00e3o (TCU). Ele solicitou o afastamento&hellip;<\/p>","protected":false},"author":1,"featured_media":108710,"comment_status":"closed","ping_status":"open","sticky":false,"template":"","format":"standard","meta":{"content-type":"","footnotes":""},"categories":[16],"tags":[123,2448,5313,1267],"class_list":["post-108709","post","type-post","status-publish","format-standard","has-post-thumbnail","hentry","category-noticias","tag-brasil","tag-diario","tag-noticia","tag-noticias"],"_links":{"self":[{"href":"https:\/\/tvbrazilusa.com\/pt\/wp-json\/wp\/v2\/posts\/108709","targetHints":{"allow":["GET"]}}],"collection":[{"href":"https:\/\/tvbrazilusa.com\/pt\/wp-json\/wp\/v2\/posts"}],"about":[{"href":"https:\/\/tvbrazilusa.com\/pt\/wp-json\/wp\/v2\/types\/post"}],"author":[{"embeddable":true,"href":"https:\/\/tvbrazilusa.com\/pt\/wp-json\/wp\/v2\/users\/1"}],"replies":[{"embeddable":true,"href":"https:\/\/tvbrazilusa.com\/pt\/wp-json\/wp\/v2\/comments?post=108709"}],"version-history":[{"count":1,"href":"https:\/\/tvbrazilusa.com\/pt\/wp-json\/wp\/v2\/posts\/108709\/revisions"}],"predecessor-version":[{"id":108711,"href":"https:\/\/tvbrazilusa.com\/pt\/wp-json\/wp\/v2\/posts\/108709\/revisions\/108711"}],"wp:featuredmedia":[{"embeddable":true,"href":"https:\/\/tvbrazilusa.com\/pt\/wp-json\/wp\/v2\/media\/108710"}],"wp:attachment":[{"href":"https:\/\/tvbrazilusa.com\/pt\/wp-json\/wp\/v2\/media?parent=108709"}],"wp:term":[{"taxonomy":"category","embeddable":true,"href":"https:\/\/tvbrazilusa.com\/pt\/wp-json\/wp\/v2\/categories?post=108709"},{"taxonomy":"post_tag","embeddable":true,"href":"https:\/\/tvbrazilusa.com\/pt\/wp-json\/wp\/v2\/tags?post=108709"}],"curies":[{"name":"wp","href":"https:\/\/api.w.org\/{rel}","templated":true}]}}