{"id":108712,"date":"2025-03-06T12:14:54","date_gmt":"2025-03-06T12:14:54","guid":{"rendered":"https:\/\/tvbrazilusa.com\/2025\/03\/06\/tcu-e-pressionado-pela-oposicao-a-intimar-secretario-da-cop30-por-contrato-milionario\/"},"modified":"2025-03-06T12:14:56","modified_gmt":"2025-03-06T12:14:56","slug":"tcu-e-pressionado-pela-oposicao-a-intimar-secretario-da-cop30-por-contrato-milionario","status":"publish","type":"post","link":"https:\/\/tvbrazilusa.com\/pt\/2025\/03\/06\/tcu-e-pressionado-pela-oposicao-a-intimar-secretario-da-cop30-por-contrato-milionario\/","title":{"rendered":"TCU \u00e9 pressionado pela oposi\u00e7\u00e3o a intimar secret\u00e1rio da COP30 por contrato milion\u00e1rio"},"content":{"rendered":"<p> <script async src=\"https:\/\/pagead2.googlesyndication.com\/pagead\/js\/adsbygoogle.js?client=ca-pub-8864793242727901\"\r\n     crossorigin=\"anonymous\"><\/script><br \/>\n<\/p>\n<div id=\"taboola-read-more\" style=\"display:block; width:100%\">\n<p>O l\u00edder da oposi\u00e7\u00e3o no Senado, Rog\u00e9rio Marinho (PL-RN), pediu que o Tribunal de Contas da Uni\u00e3o (TCU) intime o secret\u00e1rio extraordin\u00e1rio para a Confer\u00eancia das Na\u00e7\u00f5es Unidas sobre Mudan\u00e7as no Clima (COP30), Valter Correia, para esclarecer o contrato de R$ 478,3 milh\u00f5es entre o governo federal e a Organiza\u00e7\u00e3o dos Estados Ibero-Americanos (OEI).\n<\/p>\n<p>Conforme a\u00a0<em>CNN<\/em>\u00a0mostrou, o governo do presidente Luiz In\u00e1cio Lula da Silva (PT) contratou a organiza\u00e7\u00e3o, que tem sede na Espanha, para ser a respons\u00e1vel pela organiza\u00e7\u00e3o da COP30 em Bel\u00e9m (PA).<\/p>\n<p>Por se tratar de uma organiza\u00e7\u00e3o internacional, n\u00e3o houve processo licitat\u00f3rio. O governo escolheu discricionariamente a OEI para organizar a COP30, por meio de um Acordo de Coopera\u00e7\u00e3o T\u00e9cnica.\n<\/p>\n<p>No of\u00edcio enviado ao TCU, o l\u00edder da oposi\u00e7\u00e3o tamb\u00e9m pede que o \u00f3rg\u00e3o verifique se a Presid\u00eancia da Rep\u00fablica observou as leis, normas e procedimentos ao firmar o acordo de coopera\u00e7\u00e3o internacional com a OEI.\n<\/p>\n<p>A CNN procurou o TCU e a Secretaria Extraordin\u00e1ria da Casa Civil para a COP30 para prestar esclarecimentos sobre o assunto, mas n\u00e3o obteve retorno at\u00e9 a publica\u00e7\u00e3o deste texto.\n<\/p>\n<p>Mais cedo, nesta quarta (5), o l\u00edder da oposi\u00e7\u00e3o na C\u00e2mara, Luciano Zucco (PL-RS), pediu ao TCU o cancelamento do acordo de quase R$ 500 milh\u00f5es com a OEI.\n<\/p>\n<p><strong>Acordo internacional<\/strong>\n<\/p>\n<p>Conforme a CNN mostrou, o contrato foi assinado em dezembro e tem por objeto a \u201ccoopera\u00e7\u00e3o entre as partes visando a prepara\u00e7\u00e3o, organiza\u00e7\u00e3o e realiza\u00e7\u00e3o da COP30, incluindo a realiza\u00e7\u00e3o de a\u00e7\u00f5es administrativas, organizacionais, culturais, educacionais, cient\u00edficas e t\u00e9cnico-operacionais, em conformidade com o plano de trabalho, consubstanciado no instrumento\u201d. Sua vig\u00eancia \u00e9 at\u00e9 30 de junho de 2026.\n<\/p>\n<p>Participaram da assinatura o secret\u00e1rio Extraordin\u00e1rio para a COP30 da Casa Civil da Presid\u00eancia da Rep\u00fablica, Valter Correia, ligado na estrutura interna do Pal\u00e1cio do Planalto a Casa Civil de Rui Costa; e o Diretor da OEI no Brasil, Rodrigo Rossi, um advogado baiano com forma\u00e7\u00e3o na Universidade de Bras\u00edlia (UnB) e no Instituto de Direito Privado (IDP).\n<\/p>\n<p>Na \u00faltima semana, a OEI informou em nota que tem experi\u00eancia significativa na promo\u00e7\u00e3o de programas educativos, culturais e cient\u00edficos que apoiam os objetivos de conserva\u00e7\u00e3o e desenvolvimento sustent\u00e1vel.\n<\/p>\n<p>A organiza\u00e7\u00e3o respondeu ainda que n\u00e3o faz a gest\u00e3o financeira dos recursos da COP30 no Brasil, mas sim apoia o Estado brasileiro nas a\u00e7\u00f5es de planejamento e organiza\u00e7\u00e3o para a realiza\u00e7\u00e3o do evento no pa\u00eds. \u201cA coopera\u00e7\u00e3o poder\u00e1 abranger a\u00e7\u00f5es administrativas, organizacionais, culturais, educacionais, cient\u00edficas e t\u00e9cnico-operacionais\u201d, completou.\n<\/p>\n<p>Tamb\u00e9m na semana passada, a Secretaria Extraordin\u00e1ria para a COP30 da Casa Civil informou \u00e0 CNN que \u201ca OEI foi contratada com base no decreto 11941\u201d.\n<\/p>\n<p><strong>CNN<\/strong>              <\/p>\n<\/div>\n<p><br \/>\n<br \/><a href=\"https:\/\/diariodobrasilnoticias.com.br\/noticia\/tcu-e-pressionado-pela-oposicao-a-intimar-secretario-da-cop30-por-contrato-milionario-67c9722171aea\">Source link <\/a><\/p>","protected":false},"excerpt":{"rendered":"<p>O l\u00edder da oposi\u00e7\u00e3o no Senado, Rog\u00e9rio Marinho (PL-RN), pediu que o Tribunal de Contas da Uni\u00e3o (TCU) intime o secret\u00e1rio extraordin\u00e1rio para a Confer\u00eancia das Na\u00e7\u00f5es Unidas sobre Mudan\u00e7as&hellip;<\/p>","protected":false},"author":1,"featured_media":108713,"comment_status":"closed","ping_status":"open","sticky":false,"template":"","format":"standard","meta":{"content-type":"","footnotes":""},"categories":[16],"tags":[123,2448,5313,1267],"class_list":["post-108712","post","type-post","status-publish","format-standard","has-post-thumbnail","hentry","category-noticias","tag-brasil","tag-diario","tag-noticia","tag-noticias"],"_links":{"self":[{"href":"https:\/\/tvbrazilusa.com\/pt\/wp-json\/wp\/v2\/posts\/108712","targetHints":{"allow":["GET"]}}],"collection":[{"href":"https:\/\/tvbrazilusa.com\/pt\/wp-json\/wp\/v2\/posts"}],"about":[{"href":"https:\/\/tvbrazilusa.com\/pt\/wp-json\/wp\/v2\/types\/post"}],"author":[{"embeddable":true,"href":"https:\/\/tvbrazilusa.com\/pt\/wp-json\/wp\/v2\/users\/1"}],"replies":[{"embeddable":true,"href":"https:\/\/tvbrazilusa.com\/pt\/wp-json\/wp\/v2\/comments?post=108712"}],"version-history":[{"count":1,"href":"https:\/\/tvbrazilusa.com\/pt\/wp-json\/wp\/v2\/posts\/108712\/revisions"}],"predecessor-version":[{"id":108714,"href":"https:\/\/tvbrazilusa.com\/pt\/wp-json\/wp\/v2\/posts\/108712\/revisions\/108714"}],"wp:featuredmedia":[{"embeddable":true,"href":"https:\/\/tvbrazilusa.com\/pt\/wp-json\/wp\/v2\/media\/108713"}],"wp:attachment":[{"href":"https:\/\/tvbrazilusa.com\/pt\/wp-json\/wp\/v2\/media?parent=108712"}],"wp:term":[{"taxonomy":"category","embeddable":true,"href":"https:\/\/tvbrazilusa.com\/pt\/wp-json\/wp\/v2\/categories?post=108712"},{"taxonomy":"post_tag","embeddable":true,"href":"https:\/\/tvbrazilusa.com\/pt\/wp-json\/wp\/v2\/tags?post=108712"}],"curies":[{"name":"wp","href":"https:\/\/api.w.org\/{rel}","templated":true}]}}