{"id":108718,"date":"2025-03-06T12:42:07","date_gmt":"2025-03-06T12:42:07","guid":{"rendered":"https:\/\/tvbrazilusa.com\/2025\/03\/06\/com-lula-em-baixa-aliados-consideram-lancar-candidaturas-proprias\/"},"modified":"2025-03-06T12:42:09","modified_gmt":"2025-03-06T12:42:09","slug":"com-lula-em-baixa-aliados-consideram-lancar-candidaturas-proprias","status":"publish","type":"post","link":"https:\/\/tvbrazilusa.com\/pt\/2025\/03\/06\/com-lula-em-baixa-aliados-consideram-lancar-candidaturas-proprias\/","title":{"rendered":"Com Lula em baixa, aliados consideram lan\u00e7ar candidaturas pr\u00f3prias"},"content":{"rendered":"<p> <script async src=\"https:\/\/pagead2.googlesyndication.com\/pagead\/js\/adsbygoogle.js?client=ca-pub-8864793242727901\"\r\n     crossorigin=\"anonymous\"><\/script><br \/>\n<\/p>\n<div id=\"taboola-read-more\" style=\"display:block; width:100%\">\n<p>O presidente nacional do partido, Antonio Rueda, por exemplo, postou fotografia ao lado do ex-presidente Jair Bolsonaro durante o carnaval. E apoia a pretens\u00e3o eleitoral do governador de Goi\u00e1s Ronaldo Caiado.\n<\/p>\n<p>O presidente nacional do PP, senador Ciro Nogueira, tamb\u00e9m j\u00e1 disse que n\u00e3o apoiar\u00e1 Lula e tem respaldado o movimento dos partidos de centro por candidaturas avulsas.<\/p>\n<p>Lula tem dito que pode n\u00e3o ser candidato em 2026, desde que a esquerda viabilize um nome que seja capaz de derrotar o retorno da direita ao Pal\u00e1cio do Planalto.\n<\/p>\n<p>As \u00faltimas edi\u00e7\u00f5es da Genial\/Quaest, Datafolha, Paran\u00e1 Pesquisas e CNT mostraram que a reprova\u00e7\u00e3o de Lula supera a aprova\u00e7\u00e3o.\n<\/p>\n<p>A queda de popularidade do presidente Luiz In\u00e1cio Lula da Silva (PT) antecipou a discuss\u00e3o de candidaturas pr\u00f3prias de partidos da base aliada. Desde janeiro, Uni\u00e3o Brasil, MDB e PSD iniciaram di\u00e1logo para o lan\u00e7amento de nomes para a disputa \u00e0 sucess\u00e3o presidencial de 2026.\n<\/p>\n<div id=\"mid1\" class=\"custom__ad__element\" data-google-query-id=\"CP3ms5ys9YsDFcJc3QIdcDAYNA\">\n<p>As tr\u00eas siglas descartam o apoio a uma candidatura bolsonarista, mas tamb\u00e9m apresentam resist\u00eancia a respaldar uma reelei\u00e7\u00e3o do presidente petista. Por isso, t\u00eam tratado de alternativas no campo da centro-direita, como o governador de S\u00e3o Paulo, Tarc\u00edsio de Freitas (Republicanos), que, por enquanto, resiste a uma candidatura presidencial.\n<\/p>\n<p>Lula ainda acredita na forma\u00e7\u00e3o de uma frente ampla com MDB e PSD. Os dois partidos comandam tr\u00eas pasta ministeriais cada um e j\u00e1 receberam acenos do presidente de apoios em palanques estaduais.\n<\/p>\n<p>O Uni\u00e3o Brasil, por outro lado, \u00e9 considerado carta fora do baralho. Al\u00e9m da legenda apresentar um n\u00edvel alto de infidelidade em vota\u00e7\u00f5es governistas, discute abertamente deixar a Esplanada dos Minist\u00e9rios.\n<\/p>\n<p>O presidente nacional do partido, Antonio Rueda, por exemplo, postou fotografia ao lado do ex-presidente Jair Bolsonaro durante o carnaval. E apoia a pretens\u00e3o eleitoral do governador de Goi\u00e1s Ronaldo Caiado.\n<\/p>\n<p>O presidente nacional do PP, senador Ciro Nogueira, tamb\u00e9m j\u00e1 disse que n\u00e3o apoiar\u00e1 Lula e tem respaldado o movimento dos partidos de centro por candidaturas avulsas.\n<\/p>\n<p>Lula tem dito que pode n\u00e3o ser candidato em 2026, desde que a esquerda viabilize um nome que seja capaz de derrotar o retorno da direita ao Pal\u00e1cio do Planalto.\n<\/p>\n<p>As \u00faltimas edi\u00e7\u00f5es da Genial\/Quaest, Datafolha, Paran\u00e1 Pesquisas e CNT mostraram que a reprova\u00e7\u00e3o de Lula supera a aprova\u00e7\u00e3o.\n<\/p>\n<p><strong>CNN<\/strong><\/p>\n<\/div><\/div>\n<p><br \/>\n<br \/><a href=\"https:\/\/diariodobrasilnoticias.com.br\/noticia\/com-lula-em-baixa-aliados-consideram-lancar-candidaturas-proprias-67c9918c0b122\">Source link <\/a><\/p>","protected":false},"excerpt":{"rendered":"<p>O presidente nacional do partido, Antonio Rueda, por exemplo, postou fotografia ao lado do ex-presidente Jair Bolsonaro durante o carnaval. E apoia a pretens\u00e3o eleitoral do governador de Goi\u00e1s Ronaldo&hellip;<\/p>","protected":false},"author":1,"featured_media":108719,"comment_status":"closed","ping_status":"open","sticky":false,"template":"","format":"standard","meta":{"content-type":"","footnotes":""},"categories":[16],"tags":[123,2448,5313,1267],"class_list":["post-108718","post","type-post","status-publish","format-standard","has-post-thumbnail","hentry","category-noticias","tag-brasil","tag-diario","tag-noticia","tag-noticias"],"_links":{"self":[{"href":"https:\/\/tvbrazilusa.com\/pt\/wp-json\/wp\/v2\/posts\/108718","targetHints":{"allow":["GET"]}}],"collection":[{"href":"https:\/\/tvbrazilusa.com\/pt\/wp-json\/wp\/v2\/posts"}],"about":[{"href":"https:\/\/tvbrazilusa.com\/pt\/wp-json\/wp\/v2\/types\/post"}],"author":[{"embeddable":true,"href":"https:\/\/tvbrazilusa.com\/pt\/wp-json\/wp\/v2\/users\/1"}],"replies":[{"embeddable":true,"href":"https:\/\/tvbrazilusa.com\/pt\/wp-json\/wp\/v2\/comments?post=108718"}],"version-history":[{"count":1,"href":"https:\/\/tvbrazilusa.com\/pt\/wp-json\/wp\/v2\/posts\/108718\/revisions"}],"predecessor-version":[{"id":108720,"href":"https:\/\/tvbrazilusa.com\/pt\/wp-json\/wp\/v2\/posts\/108718\/revisions\/108720"}],"wp:featuredmedia":[{"embeddable":true,"href":"https:\/\/tvbrazilusa.com\/pt\/wp-json\/wp\/v2\/media\/108719"}],"wp:attachment":[{"href":"https:\/\/tvbrazilusa.com\/pt\/wp-json\/wp\/v2\/media?parent=108718"}],"wp:term":[{"taxonomy":"category","embeddable":true,"href":"https:\/\/tvbrazilusa.com\/pt\/wp-json\/wp\/v2\/categories?post=108718"},{"taxonomy":"post_tag","embeddable":true,"href":"https:\/\/tvbrazilusa.com\/pt\/wp-json\/wp\/v2\/tags?post=108718"}],"curies":[{"name":"wp","href":"https:\/\/api.w.org\/{rel}","templated":true}]}}