{"id":108721,"date":"2025-03-06T12:56:45","date_gmt":"2025-03-06T12:56:45","guid":{"rendered":"https:\/\/tvbrazilusa.com\/2025\/03\/06\/influencer-de-viagens-morre-ao-despencar-de-montanha-apos-perder-o-equilibrio\/"},"modified":"2025-03-06T12:56:46","modified_gmt":"2025-03-06T12:56:46","slug":"influencer-de-viagens-morre-ao-despencar-de-montanha-apos-perder-o-equilibrio","status":"publish","type":"post","link":"https:\/\/tvbrazilusa.com\/pt\/2025\/03\/06\/influencer-de-viagens-morre-ao-despencar-de-montanha-apos-perder-o-equilibrio\/","title":{"rendered":"Influencer de viagens morre ao despencar de montanha ap\u00f3s perder o equil\u00edbrio"},"content":{"rendered":"<p> <script async src=\"https:\/\/pagead2.googlesyndication.com\/pagead\/js\/adsbygoogle.js?client=ca-pub-8864793242727901\"\r\n     crossorigin=\"anonymous\"><\/script><br \/>\n<\/p>\n<div data-block-type=\"unstyled\" data-block-weight=\"48\" data-block-id=\"9\">\n<p class=\"content-text__container\" data-track-category=\"Link no Texto\" data-track-links=\"\" data-mrf-recirculation=\"Article links\">&#8220;Maria era uma pessoa \u00fanica que vivia a vida ao m\u00e1ximo, n\u00e3o apenas aventureira e de esp\u00edrito livre, mas tamb\u00e9m incrivelmente gentil, inteligente e altru\u00edsta. Sua perda tr\u00e1gica ser\u00e1 sentida por muitos, e estamos absolutamente devastados por perder uma amiga t\u00e3o preciosa&#8221;, desabafou Megan Griffiths, amiga da influenciadora.\n<\/p>\n<\/div>\n<p><br \/>\n<br \/><a href=\"https:\/\/diariodobrasilnoticias.com.br\/noticia\/influencer-de-viagens-morre-ao-despencar-de-montanha-apos-perder-o-equilibrio-67c99a41348e5\">Source link <\/a><\/p>","protected":false},"excerpt":{"rendered":"<p>&#8220;Maria era uma pessoa \u00fanica que vivia a vida ao m\u00e1ximo, n\u00e3o apenas aventureira e de esp\u00edrito livre, mas tamb\u00e9m incrivelmente gentil, inteligente e altru\u00edsta. Sua perda tr\u00e1gica ser\u00e1 sentida&hellip;<\/p>","protected":false},"author":1,"featured_media":108722,"comment_status":"closed","ping_status":"open","sticky":false,"template":"","format":"standard","meta":{"content-type":"","footnotes":""},"categories":[16],"tags":[123,2448,5313,1267],"class_list":["post-108721","post","type-post","status-publish","format-standard","has-post-thumbnail","hentry","category-noticias","tag-brasil","tag-diario","tag-noticia","tag-noticias"],"_links":{"self":[{"href":"https:\/\/tvbrazilusa.com\/pt\/wp-json\/wp\/v2\/posts\/108721","targetHints":{"allow":["GET"]}}],"collection":[{"href":"https:\/\/tvbrazilusa.com\/pt\/wp-json\/wp\/v2\/posts"}],"about":[{"href":"https:\/\/tvbrazilusa.com\/pt\/wp-json\/wp\/v2\/types\/post"}],"author":[{"embeddable":true,"href":"https:\/\/tvbrazilusa.com\/pt\/wp-json\/wp\/v2\/users\/1"}],"replies":[{"embeddable":true,"href":"https:\/\/tvbrazilusa.com\/pt\/wp-json\/wp\/v2\/comments?post=108721"}],"version-history":[{"count":1,"href":"https:\/\/tvbrazilusa.com\/pt\/wp-json\/wp\/v2\/posts\/108721\/revisions"}],"predecessor-version":[{"id":108723,"href":"https:\/\/tvbrazilusa.com\/pt\/wp-json\/wp\/v2\/posts\/108721\/revisions\/108723"}],"wp:featuredmedia":[{"embeddable":true,"href":"https:\/\/tvbrazilusa.com\/pt\/wp-json\/wp\/v2\/media\/108722"}],"wp:attachment":[{"href":"https:\/\/tvbrazilusa.com\/pt\/wp-json\/wp\/v2\/media?parent=108721"}],"wp:term":[{"taxonomy":"category","embeddable":true,"href":"https:\/\/tvbrazilusa.com\/pt\/wp-json\/wp\/v2\/categories?post=108721"},{"taxonomy":"post_tag","embeddable":true,"href":"https:\/\/tvbrazilusa.com\/pt\/wp-json\/wp\/v2\/tags?post=108721"}],"curies":[{"name":"wp","href":"https:\/\/api.w.org\/{rel}","templated":true}]}}