{"id":108727,"date":"2025-03-06T13:26:12","date_gmt":"2025-03-06T13:26:12","guid":{"rendered":"https:\/\/tvbrazilusa.com\/2025\/03\/06\/apos-agredir-uma-mulher-foragido-e-amarrado-a-um-poste-com-fio-de-nylon\/"},"modified":"2025-03-06T13:26:18","modified_gmt":"2025-03-06T13:26:18","slug":"apos-agredir-uma-mulher-foragido-e-amarrado-a-um-poste-com-fio-de-nylon","status":"publish","type":"post","link":"https:\/\/tvbrazilusa.com\/pt\/2025\/03\/06\/apos-agredir-uma-mulher-foragido-e-amarrado-a-um-poste-com-fio-de-nylon\/","title":{"rendered":"Ap\u00f3s agredir uma mulher, foragido \u00e9 amarrado a um poste com fio de nylon"},"content":{"rendered":"<p> <script async src=\"https:\/\/pagead2.googlesyndication.com\/pagead\/js\/adsbygoogle.js?client=ca-pub-8864793242727901\"\r\n     crossorigin=\"anonymous\"><\/script><br \/>\n<\/p>\n<div>\n<figure class=\"post-image\">\n<\/figure>\n<p>            <span style=\"font-size: 12px\">Tiago Ghizoni\/Di\u00e1rio Catarinense<\/span><\/p>\n<p>            <!-- end metas --><br \/>\n            <!-- ADS --><\/p>\n<div id=\"taboola-read-more\" style=\"display:block; width:100%\">\n<p>Um homem de 29 anos, foragido da Justi\u00e7a, foi recapturado pela Pol\u00edcia Militar do Distrito Federal (PMDF) depois de atacar sua companheira, em Planaltina, no in\u00edcio da madrugada desta quinta-feira (6\/3).\n<\/p>\n<p>Policiais foram acionados para atender a ocorr\u00eancia de viol\u00eancia dom\u00e9stica e, quando chegaram ao endere\u00e7o, encontraram o homem amarrado com cordas e fio de nylon na base de um poste de ilumina\u00e7\u00e3o p\u00fablica<\/p>\n<p>O agressor apresentava les\u00f5es no nariz e hematomas no rosto causados pelas testemunhas que o amarraram.\n<\/p>\n<p>Diante da situa\u00e7\u00e3o, os PMs verificaram no sistema a exist\u00eancia de um mandado de pris\u00e3o em aberto contra o suspeito, com senten\u00e7a de 14 anos a ser cumprida.\n<\/p>\n<p>Devido \u00e0s les\u00f5es, o detido foi encaminhado a um hospital, onde recebeu atendimento m\u00e9dico e curativo. Posteriormente, ele foi levado a uma delegacia.\n<\/p>\n<p>Fonte: Metr\u00f3poles              <\/p>\n<\/div>\n<p>                        <!-- Scripts para conteudo --><\/p>\n<p>            <!-- .\/Scripts para conteudo --><br \/>\n            <!-- .\/Mat\u00e9ria --><\/p>\n<div class=\"row mt-3\">\n<div class=\"col-sm-6\">\n                <!-- Whatsapp channel 3--><br \/>\n                <a href=\"https:\/\/chat.whatsapp.com\/B8Qy6Erx4kb6yTzj3kaDco\" target=\"_blank\"><br \/>\n                  <img decoding=\"async\" src=\"https:\/\/diariodobrasilnoticias.com.br\/assets-site\/images\/bot_whatsapp.png\"\/><\/a>\n              <\/div>\n<div class=\"col-sm-6\">\n                <a href=\"https:\/\/t.me\/+_4gTmi5LKo03OTM5\" target=\"_blank\"><br \/>\n                  <img decoding=\"async\" src=\"https:\/\/diariodobrasilnoticias.com.br\/assets-site\/images\/bot_telegram.png\"\/><\/a>\n              <\/div>\n<\/p><\/div>\n<p>            <!-- end post-navigation --><\/p>\n<p>              <!-- end row --><\/p>\n<p>              <!-- end col-12-->\n                      <\/div>\n<p><br \/>\n<br \/><a href=\"https:\/\/diariodobrasilnoticias.com.br\/noticia\/apos-agredir-uma-mulher-foragido-e-amarrado-a-um-poste-com-fio-de-nylon-67c97a1e94541\">Source link <\/a><\/p>","protected":false},"excerpt":{"rendered":"<p>Tiago Ghizoni\/Di\u00e1rio Catarinense Um homem de 29 anos, foragido da Justi\u00e7a, foi recapturado pela Pol\u00edcia Militar do Distrito Federal (PMDF) depois de atacar sua companheira, em Planaltina, no in\u00edcio da&hellip;<\/p>","protected":false},"author":1,"featured_media":108728,"comment_status":"closed","ping_status":"open","sticky":false,"template":"","format":"standard","meta":{"content-type":"","footnotes":""},"categories":[16],"tags":[123,2448,5313,1267],"class_list":["post-108727","post","type-post","status-publish","format-standard","has-post-thumbnail","hentry","category-noticias","tag-brasil","tag-diario","tag-noticia","tag-noticias"],"_links":{"self":[{"href":"https:\/\/tvbrazilusa.com\/pt\/wp-json\/wp\/v2\/posts\/108727","targetHints":{"allow":["GET"]}}],"collection":[{"href":"https:\/\/tvbrazilusa.com\/pt\/wp-json\/wp\/v2\/posts"}],"about":[{"href":"https:\/\/tvbrazilusa.com\/pt\/wp-json\/wp\/v2\/types\/post"}],"author":[{"embeddable":true,"href":"https:\/\/tvbrazilusa.com\/pt\/wp-json\/wp\/v2\/users\/1"}],"replies":[{"embeddable":true,"href":"https:\/\/tvbrazilusa.com\/pt\/wp-json\/wp\/v2\/comments?post=108727"}],"version-history":[{"count":1,"href":"https:\/\/tvbrazilusa.com\/pt\/wp-json\/wp\/v2\/posts\/108727\/revisions"}],"predecessor-version":[{"id":108729,"href":"https:\/\/tvbrazilusa.com\/pt\/wp-json\/wp\/v2\/posts\/108727\/revisions\/108729"}],"wp:featuredmedia":[{"embeddable":true,"href":"https:\/\/tvbrazilusa.com\/pt\/wp-json\/wp\/v2\/media\/108728"}],"wp:attachment":[{"href":"https:\/\/tvbrazilusa.com\/pt\/wp-json\/wp\/v2\/media?parent=108727"}],"wp:term":[{"taxonomy":"category","embeddable":true,"href":"https:\/\/tvbrazilusa.com\/pt\/wp-json\/wp\/v2\/categories?post=108727"},{"taxonomy":"post_tag","embeddable":true,"href":"https:\/\/tvbrazilusa.com\/pt\/wp-json\/wp\/v2\/tags?post=108727"}],"curies":[{"name":"wp","href":"https:\/\/api.w.org\/{rel}","templated":true}]}}