{"id":108753,"date":"2025-03-06T15:01:36","date_gmt":"2025-03-06T15:01:36","guid":{"rendered":"https:\/\/tvbrazilusa.com\/2025\/03\/06\/zanin-advogado-de-bolsonaro-enfrenta-metodos-que-criticou-na-lava-jato-no-stf\/"},"modified":"2025-03-06T15:01:37","modified_gmt":"2025-03-06T15:01:37","slug":"zanin-advogado-de-bolsonaro-enfrenta-metodos-que-criticou-na-lava-jato-no-stf","status":"publish","type":"post","link":"https:\/\/tvbrazilusa.com\/pt\/2025\/03\/06\/zanin-advogado-de-bolsonaro-enfrenta-metodos-que-criticou-na-lava-jato-no-stf\/","title":{"rendered":"Zanin, advogado de Bolsonaro, enfrenta m\u00e9todos que criticou na Lava Jato no STF"},"content":{"rendered":"<p> <script async src=\"https:\/\/pagead2.googlesyndication.com\/pagead\/js\/adsbygoogle.js?client=ca-pub-8864793242727901\"\r\n     crossorigin=\"anonymous\"><\/script><br \/>\n<\/p>\n<div id=\"taboola-read-more\" style=\"display:block; width:100%\">\n<p>O ministro Cristiano Zanin, atual presidente da 1\u00aa Turma do Supremo Tribunal Federal (STF), enfrenta o desafio de julgar o ex-presidente Jair Bolsonaro em um cen\u00e1rio que reflete m\u00e9todos judiciais que ele criticou nos tempos de advogado de Luiz In\u00e1cio Lula da Silva na Opera\u00e7\u00e3o Lava Jato.\n<\/p>\n<p>\u00c0 \u00e9poca, Zanin foi cr\u00edtico da rapidez das tramita\u00e7\u00f5es de processos que resultaram na condena\u00e7\u00e3o do petista no caso do triplex do Guaruj\u00e1. Tal celeridade assegurou que Lula estivesse ineleg\u00edvel antes das elei\u00e7\u00f5es de 2018.<\/p>\n<p>No STF, o julgamento de Bolsonaro tamb\u00e9m deve ser acelerado, visando a evitar uma interfer\u00eancia nas elei\u00e7\u00f5es presidenciais de 2026. Advogados de defesa do liberal j\u00e1 manifestaram a inten\u00e7\u00e3o de questionar os prazos e os m\u00e9todos de tramita\u00e7\u00e3o do caso.\n<\/p>\n<p>Cr\u00edticas de Zanin aos m\u00e9todos da Lava Jato\n<\/p>\n<p>Indicado de Lula ao STF, Zanin criticou o tratamento desigual entre defesa e acusa\u00e7\u00e3o na Lava Jato. Ele destacou que os processos avan\u00e7aram rapidamente, de forma a comprometer a isonomia do julgamento.\n<\/p>\n<p>Al\u00e9m disso, o jurista questionou o foro em que os casos de Lula tramitaram, sob o argumento de que a 13\u00aa Vara Federal de Curitiba, de Sergio Moro, n\u00e3o era o local adequado.\n<\/p>\n<p>A 1\u00aa Turma do STF, respons\u00e1vel pelo julgamento de Bolsonaro, \u00e9 composta dos ministros Alexandre de Moraes, relator do processo, Fl\u00e1vio Dino, Luiz Fux e C\u00e1rmen L\u00facia, al\u00e9m do pr\u00f3prio presidente, Zanin. Kassio Nunes Marques e Andr\u00e9 Mendon\u00e7a, indicados por Bolsonaro \u00e0 Corte, n\u00e3o participam dessa turma. Ambos t\u00eam adotado posi\u00e7\u00f5es mais brandas em casos relacionados ao 8 de janeiro.\n<\/p>\n<p>Desafios no julgamento de Bolsonaro\n<\/p>\n<p>Zanin, nomeado ao STF por Lula em 2023 para a vaga de Ricardo Lewandowski, tornou-se conhecido nacionalmente por sua defesa nos casos do tr\u00edplex e do s\u00edtio de Atibaia. Ele frequentemente alegou que os julgamentos de Lula tiveram condu\u00e7\u00e3o com parcialidade, especialmente sob o juiz Sergio Moro, que se tornou ministro de Bolsonaro e atualmente \u00e9 senador.\n<\/p>\n<p>Desde o in\u00edcio das investiga\u00e7\u00f5es sobre a suposta trama de golpe de Estado, advogados de Bolsonaro questionam a relatoria de Moraes, argumentando que ele n\u00e3o seria imparcial, j\u00e1 que um dos supostos planos envolveria seu sequestro e sua morte.\n<\/p>\n<p>A defesa de Bolsonaro tamb\u00e9m solicitou 83 dias para apresentar a defesa pr\u00e9via. O tempo \u00e9 equivalente ao que a Procuradoria-Geral da Rep\u00fablica levou para apresentar a acusa\u00e7\u00e3o no STF contra Bolsonaro e 33 outros indiv\u00edduos.\n<\/p>\n<p>Fonte: Revista Oeste<\/p>\n<\/p><\/div>\n<p><br \/>\n<br \/><a href=\"https:\/\/diariodobrasilnoticias.com.br\/noticia\/zanin-advogado-de-bolsonaro-enfrenta-metodos-que-criticou-na-lava-jato-no-stf-67c99b3ea5335\">Source link <\/a><\/p>","protected":false},"excerpt":{"rendered":"<p>O ministro Cristiano Zanin, atual presidente da 1\u00aa Turma do Supremo Tribunal Federal (STF), enfrenta o desafio de julgar o ex-presidente Jair Bolsonaro em um cen\u00e1rio que reflete m\u00e9todos judiciais&hellip;<\/p>","protected":false},"author":1,"featured_media":108754,"comment_status":"closed","ping_status":"open","sticky":false,"template":"","format":"standard","meta":{"content-type":"","footnotes":""},"categories":[16],"tags":[123,2448,5313,1267],"class_list":["post-108753","post","type-post","status-publish","format-standard","has-post-thumbnail","hentry","category-noticias","tag-brasil","tag-diario","tag-noticia","tag-noticias"],"_links":{"self":[{"href":"https:\/\/tvbrazilusa.com\/pt\/wp-json\/wp\/v2\/posts\/108753","targetHints":{"allow":["GET"]}}],"collection":[{"href":"https:\/\/tvbrazilusa.com\/pt\/wp-json\/wp\/v2\/posts"}],"about":[{"href":"https:\/\/tvbrazilusa.com\/pt\/wp-json\/wp\/v2\/types\/post"}],"author":[{"embeddable":true,"href":"https:\/\/tvbrazilusa.com\/pt\/wp-json\/wp\/v2\/users\/1"}],"replies":[{"embeddable":true,"href":"https:\/\/tvbrazilusa.com\/pt\/wp-json\/wp\/v2\/comments?post=108753"}],"version-history":[{"count":1,"href":"https:\/\/tvbrazilusa.com\/pt\/wp-json\/wp\/v2\/posts\/108753\/revisions"}],"predecessor-version":[{"id":108755,"href":"https:\/\/tvbrazilusa.com\/pt\/wp-json\/wp\/v2\/posts\/108753\/revisions\/108755"}],"wp:featuredmedia":[{"embeddable":true,"href":"https:\/\/tvbrazilusa.com\/pt\/wp-json\/wp\/v2\/media\/108754"}],"wp:attachment":[{"href":"https:\/\/tvbrazilusa.com\/pt\/wp-json\/wp\/v2\/media?parent=108753"}],"wp:term":[{"taxonomy":"category","embeddable":true,"href":"https:\/\/tvbrazilusa.com\/pt\/wp-json\/wp\/v2\/categories?post=108753"},{"taxonomy":"post_tag","embeddable":true,"href":"https:\/\/tvbrazilusa.com\/pt\/wp-json\/wp\/v2\/tags?post=108753"}],"curies":[{"name":"wp","href":"https:\/\/api.w.org\/{rel}","templated":true}]}}