{"id":108759,"date":"2025-03-06T14:49:42","date_gmt":"2025-03-06T14:49:42","guid":{"rendered":"https:\/\/tvbrazilusa.com\/2025\/03\/06\/trump-prepara-ordem-para-fechar-o-departamento-de-educacao-veja-os-impactos-da-fl\/"},"modified":"2025-03-06T15:10:42","modified_gmt":"2025-03-06T15:10:42","slug":"trump-prepara-ordem-para-fechar-o-departamento-de-educacao-veja-os-impactos-da-fl","status":"publish","type":"post","link":"https:\/\/tvbrazilusa.com\/pt\/2025\/03\/06\/trump-prepara-ordem-para-fechar-o-departamento-de-educacao-veja-os-impactos-da-fl\/","title":{"rendered":"Trump prepara ordem para fechar o Departamento de Educa\u00e7\u00e3o: Veja os impactos da FL"},"content":{"rendered":"<p> <script async src=\"https:\/\/pagead2.googlesyndication.com\/pagead\/js\/adsbygoogle.js?client=ca-pub-8864793242727901\"\r\n     crossorigin=\"anonymous\"><\/script><br \/>\n<\/p>\n<div id=\"\">\n<div class=\"styles_HTMLContent__LDG2k\">\n<p>FLORIDA &#8211; O presidente Donald Trump est\u00e1 se preparando para assinar uma ordem executiva instruindo seu secret\u00e1rio de educa\u00e7\u00e3o a desmantelar o Departamento de Educa\u00e7\u00e3o, de acordo com v\u00e1rias fontes, incluindo o New York Times e a ABC News.<\/p>\n<\/div>\n<div class=\"styles_HTMLContent__LDG2k\">\n<p>Fontes com o conhecimento do rascunho de documentos disseram que a secret\u00e1ria de educa\u00e7\u00e3o Linda McMahon trabalha para fechar o departamento usando todas as etapas &#8220;permitidas por lei&#8221;. <a href=\"https:\/\/abcnews.go.com\/US\/trump-preparing-executive-order-telling-education-secretary-dissolve\/story?id=119499614\" rel=\"nofollow\" target=\"_blank\">De acordo com uma reportagem da ABC News.<\/a><\/p>\n<p>No entanto, Trump n\u00e3o tem toda a autoridade para fechar a ag\u00eancia. A maior parte de seus gastos \u00e9 ordenada pelo Congresso e, portanto, esse movimento exigiria a aprova\u00e7\u00e3o do Congresso.<\/p>\n<\/div>\n<div class=\"ContentBlocks_CardDetail__SubscribeBlock__4zBcQ ContentBlocks_CardDetail__SubscribeBlock--mobile__18tT_\">\n<section class=\"styles_SubscribeForm__0dj5n\">\n<h2 class=\"styles_SubscribeForm__title__F_olP\">Descubra o que est\u00e1 acontecendo em Tampa<span class=\"styles_SubscribeForm__title--nextLine__FTO3K\">gratuitamente com as atualiza\u00e7\u00f5es mais recentes do patch.<\/span><\/h2>\n<\/section>\n<\/div>\n<div class=\"styles_HTMLContent__LDG2k\">\n<p><a href=\"https:\/\/www.cnn.com\/2025\/03\/06\/politics\/trump-education-department-shut-down-order\/index.html\" rel=\"nofollow\" target=\"_blank\">CNN<\/a> obteve um rascunho da Ordem, que diz: \u201cO experimento de controlar a educa\u00e7\u00e3o americana atrav\u00e9s de programas e d\u00f3lares federais &#8211; e os burocratas inamit\u00e1veis \u200b\u200bdesses programas e d\u00f3lares apoiavam &#8211; fracassou nossos filhos, nossos professores e nossas fam\u00edlias&#8221;.<\/p>\n<p>Um funcion\u00e1rio do governo disse <a href=\"https:\/\/www.nytimes.com\/2025\/03\/06\/us\/politics\/trump-education-department-executive-order.html\" rel=\"nofollow\" target=\"_blank\">The New York Times<\/a> A ordem pode ser assinada na quinta -feira. <\/p>\n<\/div>\n<div class=\"ContentBlocks_CardDetail__SubscribeBlock__4zBcQ ContentBlocks_CardDetail__SubscribeBlock--desktop__oN6vv\">\n<section class=\"styles_SubscribeForm__0dj5n\">\n<h2 class=\"styles_SubscribeForm__title__F_olP\">Descubra o que est\u00e1 acontecendo em Tampa<span class=\"styles_SubscribeForm__title--nextLine__FTO3K\">gratuitamente com as atualiza\u00e7\u00f5es mais recentes do patch.<\/span><\/h2>\n<\/section>\n<\/div>\n<div class=\"styles_HTMLContent__LDG2k\">\n<p>Aqui est\u00e3o algumas maneiras pelas quais os residentes da Fl\u00f3rida podem ser afetados por essa proposta:<\/p>\n<p><strong>O que acontece com os empr\u00e9stimos estudantis?<\/strong><\/p>\n<\/div>\n<div class=\"styles_HTMLContent__LDG2k\">\n<p>Uma das fun\u00e7\u00f5es do Departamento de Educa\u00e7\u00e3o \u00e9 subscrever os empr\u00e9stimos que permitem que milh\u00f5es de pessoas a cada ano frequentem a faculdade e a p\u00f3s -gradua\u00e7\u00e3o. A ag\u00eancia tamb\u00e9m gerencia a carteira de aproximadamente US $ 1,6 trilh\u00e3o de empr\u00e9stimos para estudantes.<\/p>\n<p>Cerca de 42 milh\u00f5es de pessoas em todo o pa\u00eds t\u00eam empr\u00e9stimos para estudantes federais, incluindo cerca de 2.687.100 mutu\u00e1rios na Fl\u00f3rida. Os empr\u00e9stimos, subscritos pelo Departamento de Educa\u00e7\u00e3o, permitem que milh\u00f5es de pessoas por ano frequentam a faculdade ou a p\u00f3s -gradua\u00e7\u00e3o. <\/p>\n<\/div>\n<div class=\"styles_HTMLContent__LDG2k\">\n<p>Os mutu\u00e1rios da Fl\u00f3rida carregam uma carga m\u00e9dia de d\u00edvida de US $ 39.262. Em todo o estado, a d\u00edvida de empr\u00e9stimo para estudantes \u00e9 de cerca de US $ 105,5 bilh\u00f5es, de acordo com uma an\u00e1lise de dados publicamente dispon\u00edveis por <a href=\"https:\/\/educationdata.org\/student-loan-debt-by-state#california\" rel=\"nofollow\" target=\"_blank\">Iniciativa de dados educacionais<\/a> pesquisadores.<\/p>\n<p>Mesmo que o departamento de educa\u00e7\u00e3o fosse eliminado, os mutu\u00e1rios ainda teriam que pagar seus empr\u00e9stimos, Betsy Mayotte, presidente da <a href=\"http:\/\/freestudentloanadvice.org\/\" rel=\"nofollow\" target=\"_blank\">O Instituto de Consultores de Empr\u00e9stimos para Estudantes<\/a>uma organiza\u00e7\u00e3o sem fins lucrativos que ajuda os mutu\u00e1rios a navegar no reembolso de sua d\u00edvida, disse <a href=\"https:\/\/www.nbcnews.com\/business\/personal-finance\/trump-considers-ways-dismantle-education-dept-know-student-loans-rcna190669\" rel=\"nofollow\" target=\"_blank\">NBC News<\/a>.<\/p>\n<p>A ag\u00eancia mais l\u00f3gica a assumir o gerenciamento da carteira de d\u00edvidas seria o departamento do Tesouro, disse Mayotte.<\/p>\n<p>Ou, o Departamento de Justi\u00e7a ou o Departamento do Trabalho podem realizar algumas fun\u00e7\u00f5es do Departamento de Educa\u00e7\u00e3o, de acordo com um <a href=\"https:\/\/www.nasfaa.org\/news-item\/35224\/What_Could_an_Effort_to_Abolish_the_Department_of_Education_Actually_Mean_for_Financial_Aid_Policy\" rel=\"nofollow\" target=\"_blank\">Postagem do blog<\/a> pela Associa\u00e7\u00e3o Nacional de Administradores de Ajuda Financeira Estudantil.<\/p>\n<p>Outra alternativa \u00e9 a privatiza\u00e7\u00e3o do sistema federal de empr\u00e9stimos para estudantes, que alguns republicanos propuseram.<\/p>\n<\/div>\n<div class=\"styles_HTMLContent__LDG2k\">\n<p>&#8220;Os n\u00edveis de ansiedade s\u00e3o bastante altos para os mutu\u00e1rios no momento&#8221;, disse Betsy Mayotte \u00e0 NBC.<\/p>\n<p><strong>O que acontece com as escolas p\u00fablicas?<\/strong><\/p>\n<p>A maior parte do financiamento das escolas p\u00fablicas vem do n\u00edvel local, com o governo federal fornecendo uma m\u00e9dia de 13,6 % do financiamento para a educa\u00e7\u00e3o p\u00fablica de ensino fundamental e m\u00e9dio em todo o pa\u00eds no ano letivo de 2021-2022, de acordo com uma an\u00e1lise dos dados dos dados do Centro Nacional de Estat\u00edsticas da Educa\u00e7\u00e3o. <\/p>\n<p>Cerca de 17,1 % do financiamento das escolas p\u00fablicas na Fl\u00f3rida vem do governo federal.<\/p>\n<p>Ap\u00f3s o discurso de Trump ao Congresso, a deputada democrata Kathy Castor, de Tampa, disse em X: &#8220;Trabalhadores, enfermeiros, professores e americanos comuns. Vamos colocar as pessoas em primeiro lugar, n\u00e3o o ultra-rico&#8221;.<\/p>\n<p><a href=\"https:\/\/x.com\/RepDarrenSoto?ref_src=twsrc%5Egoogle%7Ctwcamp%5Eserp%7Ctwgr%5Eauthor\" rel=\"nofollow\" target=\"_blank\">Representante dos EUA Darren Soto<\/a>um democrata que representa o 9\u00ba Distrito do Congresso da Fl\u00f3rida, disse anteriormente que o hor\u00e1rio atual n\u00e3o \u00e9 favor\u00e1vel para encerrar o departamento de educa\u00e7\u00e3o.<\/p>\n<\/div>\n<div class=\"styles_HTMLContent__LDG2k\">\n<p>\u201cO Departamento de Fundos de Educa\u00e7\u00e3o dos EUA que contrata professores, fechando lacunas de desempenho dos alunos e ajudando os alunos necessitados no FL-9. Com as pontua\u00e7\u00f5es dos testes da Fl\u00f3rida em uma baixa de 20 anos, agora n\u00e3o \u00e9 a hora de falar sobre a educa\u00e7\u00e3o para a educa\u00e7\u00e3o &#8220;, twittou Soto anteriormente.<\/p>\n<p>Enquanto isso, companheiro democrata <a href=\"https:\/\/x.com\/RepLoisFrankel\" rel=\"nofollow\" target=\"_blank\">Rep. Lois Frankel nos EUA<\/a>representando o 22\u00ba distrito do estado, anteriormente chamado de medida de Trump de &#8220;imprudente&#8221;.<\/p>\n<p>\u201cA educa\u00e7\u00e3o de qualidade \u00e9 como constru\u00edmos um futuro pr\u00f3spero. Tentar encerrar o Departamento de Ed \u00e9 um ataque imprudente que intestaria o financiamento cr\u00edtico, enfraqueceria prote\u00e7\u00f5es federais para estudantes vulner\u00e1veis \u200b\u200be abandonaria nosso compromisso em garantir que cada crian\u00e7a tenha uma chance justa de sucesso \u201d, ela twittou.<\/p>\n<p>Estripar o financiamento federal para escolas p\u00fablicas prejudicaria alguns estados piores que outros, Kevin Welner, diretor do Centro Nacional de Pol\u00edtica Educacional, <a href=\"https:\/\/www.axios.com\/2025\/02\/05\/trump-federal-education-funding-map-schools\" rel=\"nofollow\" target=\"_blank\">disse a Axios<\/a>.<\/p>\n<p>Estados com um n\u00famero maior de fam\u00edlias de baixa renda que recebem a\u00e7\u00f5es mais altas do financiamento do t\u00edtulo I se machucaram o pior, disse Welner, observando que &#8220;n\u00e3o t\u00eam a mesma capacidade de intervir e compensar essa diferen\u00e7a&#8221;. <\/p>\n<\/div>\n<div class=\"styles_HTMLContent__LDG2k\">\n<p>&#8220;Nos estados mais ricos, provavelmente ver\u00edamos alguns gastos reduzidos para os estudantes e algumas aloca\u00e7\u00f5es estatais aumentadas&#8221;, disse ele. &#8220;Nos estados que j\u00e1 est\u00e3o tensos financeiramente, porque eles t\u00eam menos riqueza, isso pode resultar simplesmente em menos financiamento e menos recursos para os alunos&#8221;.<\/p>\n<p>Becky Pringle, presidente da Associa\u00e7\u00e3o Nacional de Educa\u00e7\u00e3o, disse em um <a href=\"https:\/\/bsky.app\/profile\/did:plc:osibv3schz6eyavegxpytkon\/post\/3lhcsc4xq2k2r?ref_src=embed&#038;ref_url=https%253A%252F%252Fwww.nea.org%252Fnea-today%252Fall-news-articles%252Fhow-dismantling-department-education-would-harm-students\" rel=\"nofollow\" target=\"_blank\">Postagem no c\u00e9u azul<\/a> que os alunos seriam prejudicados diretamente.<\/p>\n<p>&#8220;Ele drenar\u00e1 os recursos dos tamanhos mais vulner\u00e1veis \u200b\u200be da Skyrocket, tornar\u00e1 o ED mais caro, a Strip Special Ed Services e o Gut Student Civil Rights Protections&#8221;, disse Pringle. &#8220;N\u00e3o vamos deixar isso acontecer.&#8221;<\/p>\n<p><em>A Associated Press contribuiu com relat\u00f3rios.<\/em><\/p>\n<\/div>\n<hr\/>\n<p>Receba mais not\u00edcias locais entregues diretamente \u00e0 sua caixa de entrada.<!-- --> <a target=\"_blank\" href=\"http:\/\/patch.com\/florida\/southtampa\/subscribe\" class=\"\">Inscreva -se em boletins e alertas de patch gratuitos.<\/a><\/div>\n<p><br \/>\n<br \/><a href=\"http:\/\/patch.com\/florida\/southtampa\/trump-preps-order-close-dept-education-see-pa-impacts?utm_source=article-mostrecent&#038;utm_medium=rss&#038;utm_term=politics%20%26%20government&#038;utm_campaign=recirc&#038;utm_content=aol\">Source link <\/a><\/p>","protected":false},"excerpt":{"rendered":"<p>FLORIDA &#8211; O presidente Donald Trump est\u00e1 se preparando para assinar uma ordem executiva instruindo seu secret\u00e1rio de educa\u00e7\u00e3o a desmantelar o Departamento de Educa\u00e7\u00e3o, de acordo com v\u00e1rias fontes,&hellip;<\/p>","protected":false},"author":1,"featured_media":108760,"comment_status":"closed","ping_status":"open","sticky":false,"template":"","format":"standard","meta":{"content-type":"","footnotes":""},"categories":[1],"tags":[],"class_list":["post-108759","post","type-post","status-publish","format-standard","has-post-thumbnail","hentry","category-uncategorized"],"_links":{"self":[{"href":"https:\/\/tvbrazilusa.com\/pt\/wp-json\/wp\/v2\/posts\/108759","targetHints":{"allow":["GET"]}}],"collection":[{"href":"https:\/\/tvbrazilusa.com\/pt\/wp-json\/wp\/v2\/posts"}],"about":[{"href":"https:\/\/tvbrazilusa.com\/pt\/wp-json\/wp\/v2\/types\/post"}],"author":[{"embeddable":true,"href":"https:\/\/tvbrazilusa.com\/pt\/wp-json\/wp\/v2\/users\/1"}],"replies":[{"embeddable":true,"href":"https:\/\/tvbrazilusa.com\/pt\/wp-json\/wp\/v2\/comments?post=108759"}],"version-history":[{"count":1,"href":"https:\/\/tvbrazilusa.com\/pt\/wp-json\/wp\/v2\/posts\/108759\/revisions"}],"predecessor-version":[{"id":108761,"href":"https:\/\/tvbrazilusa.com\/pt\/wp-json\/wp\/v2\/posts\/108759\/revisions\/108761"}],"wp:featuredmedia":[{"embeddable":true,"href":"https:\/\/tvbrazilusa.com\/pt\/wp-json\/wp\/v2\/media\/108760"}],"wp:attachment":[{"href":"https:\/\/tvbrazilusa.com\/pt\/wp-json\/wp\/v2\/media?parent=108759"}],"wp:term":[{"taxonomy":"category","embeddable":true,"href":"https:\/\/tvbrazilusa.com\/pt\/wp-json\/wp\/v2\/categories?post=108759"},{"taxonomy":"post_tag","embeddable":true,"href":"https:\/\/tvbrazilusa.com\/pt\/wp-json\/wp\/v2\/tags?post=108759"}],"curies":[{"name":"wp","href":"https:\/\/api.w.org\/{rel}","templated":true}]}}