{"id":108768,"date":"2025-03-06T15:28:15","date_gmt":"2025-03-06T15:28:15","guid":{"rendered":"https:\/\/tvbrazilusa.com\/2025\/03\/06\/magno-malta-propoe-proibicao-do-uso-de-dinheiro-publico-em-eventos-que-incentivem-discriminacao-religiosa\/"},"modified":"2025-03-06T15:28:17","modified_gmt":"2025-03-06T15:28:17","slug":"magno-malta-propoe-proibicao-do-uso-de-dinheiro-publico-em-eventos-que-incentivem-discriminacao-religiosa","status":"publish","type":"post","link":"https:\/\/tvbrazilusa.com\/pt\/2025\/03\/06\/magno-malta-propoe-proibicao-do-uso-de-dinheiro-publico-em-eventos-que-incentivem-discriminacao-religiosa\/","title":{"rendered":"Magno Malta prop\u00f5e proibi\u00e7\u00e3o do uso de dinheiro p\u00fablico em eventos que incentivem discrimina\u00e7\u00e3o religiosa"},"content":{"rendered":"<p> <script async src=\"https:\/\/pagead2.googlesyndication.com\/pagead\/js\/adsbygoogle.js?client=ca-pub-8864793242727901\"\r\n     crossorigin=\"anonymous\"><\/script><br \/>\n<\/p>\n<div id=\"taboola-read-more\" style=\"display:block; width:100%\">\n<p>O senador Magno Malta (PL-ES) protocolou um projeto de lei que visa a proibir o uso de recursos p\u00fablicos para financiar projetos culturais que possam promover discrimina\u00e7\u00e3o, incluindo a religiosa.\u00a0\n<\/p>\n<p>A proposta altera a Lei Rouanet (Lei 8.313\/1991) e determina penalidades para iniciativas que descumprirem a norma. Segundo o parlamentar, a medida busca evitar que eventos culturais com a promo\u00e7\u00e3o de discrimina\u00e7\u00e3o religiosa sejam patrocinados pelo Estado.<\/p>\n<p>O texto protocolado no Senado Federal determina a proibi\u00e7\u00e3o de recursos para eventos estaduais ou municipais que incluam, direta ou indiretamente, discrimina\u00e7\u00e3o de qualquer natureza.\u00a0<\/p>\n<p>Os eventos citados incluem: projeto cultural, festa popular, show, m\u00fasica, artes pl\u00e1sticas, dan\u00e7a, literatura, teatro, circo, artes visuais e patrim\u00f4nio cultural. \u00c9 estabelecido como discrimina\u00e7\u00e3o:\n<\/p>\n<ul>\n<li>Estere\u00f3tipos ofensivos ou depreciativos a indiv\u00edduos ou grupos;<\/li>\n<li>Exclua, marginalize ou inferiorize pessoas com base em suas caracter\u00edsticas pessoais ou identit\u00e1rias;<\/li>\n<li>Incite \u00f3dio, viol\u00eancia ou preconceito contra qualquer grupo ou indiv\u00edduo;<\/li>\n<li>Desrespeite s\u00edmbolos, pr\u00e1ticas ou tradi\u00e7\u00f5es religiosas, culturais ou sociais de qualquer comunidade.<\/li>\n<\/ul>\n<p>O projeto tamb\u00e9m prev\u00ea puni\u00e7\u00f5es para aqueles que descumprirem a regra. Caso aprovado, os respons\u00e1veis por eventos que violem as diretrizes poder\u00e3o ser multados em at\u00e9 50% do valor captado e ficar\u00e3o impedidos de solicitar novos recursos p\u00fablicos por cinco anos.\n<\/p>\n<p>PL contra a discrimina\u00e7\u00e3o religiosa \u00e9 protocolado depois do caso de \u201cJesus gay\u201d <br \/>Na justificativa da proposta, Magno Malta argumenta que a Constitui\u00e7\u00e3o Federal j\u00e1 garante a igualdade de direitos e veda qualquer forma de discrimina\u00e7\u00e3o. O senador mencionou como exemplo a apresenta\u00e7\u00e3o do Bloco da Laje, em Porto Alegre (RS), na qual um artista representou Jesus Cristo vestido apenas com uma calcinha fio-dental.\n<\/p>\n<p>No caso, um homem fantasiado de Jesus Cristo, realizou um striptease enquanto uma m\u00fasica de tom sat\u00edrico tocava. Enquanto canta, ele come\u00e7a a tirar toda a roupa, at\u00e9 ficar de fio-dental.\n<\/p>\n<p>\u201cA liberdade de express\u00e3o \u00e9 um princ\u00edpio fundamental, mas n\u00e3o pode servir de escudo para ofensas e discrimina\u00e7\u00e3o\u201d, afirmou Magno Malta.\n<\/p>\n<p>O parlamentar ressalta que o objetivo da medida n\u00e3o \u00e9 censurar manifesta\u00e7\u00f5es art\u00edsticas, mas evitar o financiamento de conte\u00fados que possam ser considerados ofensivos.\u00a0\n<\/p>\n<p>Fonte: Revista Oeste              <\/p>\n<\/div>\n<p><br \/>\n<br \/><a href=\"https:\/\/diariodobrasilnoticias.com.br\/noticia\/magno-malta-propoe-proibicao-do-uso-de-dinheiro-publico-em-eventos-que-incentivem-discriminacao-religiosa-67c9a74dd9ce5\">Source link <\/a><\/p>","protected":false},"excerpt":{"rendered":"<p>O senador Magno Malta (PL-ES) protocolou um projeto de lei que visa a proibir o uso de recursos p\u00fablicos para financiar projetos culturais que possam promover discrimina\u00e7\u00e3o, incluindo a religiosa.\u00a0&hellip;<\/p>","protected":false},"author":1,"featured_media":108769,"comment_status":"closed","ping_status":"open","sticky":false,"template":"","format":"standard","meta":{"content-type":"","footnotes":""},"categories":[16],"tags":[123,2448,5313,1267],"class_list":["post-108768","post","type-post","status-publish","format-standard","has-post-thumbnail","hentry","category-noticias","tag-brasil","tag-diario","tag-noticia","tag-noticias"],"_links":{"self":[{"href":"https:\/\/tvbrazilusa.com\/pt\/wp-json\/wp\/v2\/posts\/108768","targetHints":{"allow":["GET"]}}],"collection":[{"href":"https:\/\/tvbrazilusa.com\/pt\/wp-json\/wp\/v2\/posts"}],"about":[{"href":"https:\/\/tvbrazilusa.com\/pt\/wp-json\/wp\/v2\/types\/post"}],"author":[{"embeddable":true,"href":"https:\/\/tvbrazilusa.com\/pt\/wp-json\/wp\/v2\/users\/1"}],"replies":[{"embeddable":true,"href":"https:\/\/tvbrazilusa.com\/pt\/wp-json\/wp\/v2\/comments?post=108768"}],"version-history":[{"count":1,"href":"https:\/\/tvbrazilusa.com\/pt\/wp-json\/wp\/v2\/posts\/108768\/revisions"}],"predecessor-version":[{"id":108770,"href":"https:\/\/tvbrazilusa.com\/pt\/wp-json\/wp\/v2\/posts\/108768\/revisions\/108770"}],"wp:featuredmedia":[{"embeddable":true,"href":"https:\/\/tvbrazilusa.com\/pt\/wp-json\/wp\/v2\/media\/108769"}],"wp:attachment":[{"href":"https:\/\/tvbrazilusa.com\/pt\/wp-json\/wp\/v2\/media?parent=108768"}],"wp:term":[{"taxonomy":"category","embeddable":true,"href":"https:\/\/tvbrazilusa.com\/pt\/wp-json\/wp\/v2\/categories?post=108768"},{"taxonomy":"post_tag","embeddable":true,"href":"https:\/\/tvbrazilusa.com\/pt\/wp-json\/wp\/v2\/tags?post=108768"}],"curies":[{"name":"wp","href":"https:\/\/api.w.org\/{rel}","templated":true}]}}