{"id":108771,"date":"2025-03-06T15:45:42","date_gmt":"2025-03-06T15:45:42","guid":{"rendered":"https:\/\/tvbrazilusa.com\/2025\/03\/06\/menino-de-2-anos-e-encontrado-morto-dentro-de-lagoa-do-vizinho\/"},"modified":"2025-03-06T15:45:46","modified_gmt":"2025-03-06T15:45:46","slug":"menino-de-2-anos-e-encontrado-morto-dentro-de-lagoa-do-vizinho","status":"publish","type":"post","link":"https:\/\/tvbrazilusa.com\/pt\/2025\/03\/06\/menino-de-2-anos-e-encontrado-morto-dentro-de-lagoa-do-vizinho\/","title":{"rendered":"Menino de 2 anos \u00e9 encontrado morto dentro de lagoa do vizinho"},"content":{"rendered":"<p> <script async src=\"https:\/\/pagead2.googlesyndication.com\/pagead\/js\/adsbygoogle.js?client=ca-pub-8864793242727901\"\r\n     crossorigin=\"anonymous\"><\/script><br \/>\n<\/p>\n<div id=\"taboola-read-more\" style=\"display:block; width:100%\">\n<p>Um menino, de 2 anos, morreu afogado na tarde dessa quarta-feira (5\/3) ao cair na lagoa do vizinho em Ibirama, no Alto Vale (SC). Os pais perceberam o sumi\u00e7o da crian\u00e7a r\u00e1pido e come\u00e7aram a procurar. Foi um morador, inclusive, quem retirou o pequeno da \u00e1gua. Por\u00e9m, apesar das tentativas de reanima\u00e7\u00e3o dos socorristas, ele n\u00e3o resistiu.\n<\/p>\n<p data-gtm-vis-recent-on-screen104869357_94=\"549320\" data-gtm-vis-first-on-screen104869357_94=\"549321\" data-gtm-vis-total-visible-time104869357_94=\"100\" data-gtm-vis-has-fired104869357_94=\"1\">O caso aconteceu no bairro S\u00e3o Miguel, no come\u00e7o da tarde. Os bombeiros volunt\u00e1rios contaram que levaram menos de 10 minutos para chegar ao im\u00f3vel e iniciar o atendimento.<\/p>\n<p>\u00a0<\/p>\n<p>Fonte: Metr\u00f3poles<\/p>\n<\/p><\/div>\n<p><br \/>\n<br \/><a href=\"https:\/\/diariodobrasilnoticias.com.br\/noticia\/menino-de-2-anos-e-encontrado-morto-dentro-de-lagoa-do-vizinho-67c9a19f4900e\">Source link <\/a><\/p>","protected":false},"excerpt":{"rendered":"<p>Um menino, de 2 anos, morreu afogado na tarde dessa quarta-feira (5\/3) ao cair na lagoa do vizinho em Ibirama, no Alto Vale (SC). Os pais perceberam o sumi\u00e7o da&hellip;<\/p>","protected":false},"author":1,"featured_media":108772,"comment_status":"closed","ping_status":"open","sticky":false,"template":"","format":"standard","meta":{"content-type":"","footnotes":""},"categories":[16],"tags":[123,2448,5313,1267],"class_list":["post-108771","post","type-post","status-publish","format-standard","has-post-thumbnail","hentry","category-noticias","tag-brasil","tag-diario","tag-noticia","tag-noticias"],"_links":{"self":[{"href":"https:\/\/tvbrazilusa.com\/pt\/wp-json\/wp\/v2\/posts\/108771","targetHints":{"allow":["GET"]}}],"collection":[{"href":"https:\/\/tvbrazilusa.com\/pt\/wp-json\/wp\/v2\/posts"}],"about":[{"href":"https:\/\/tvbrazilusa.com\/pt\/wp-json\/wp\/v2\/types\/post"}],"author":[{"embeddable":true,"href":"https:\/\/tvbrazilusa.com\/pt\/wp-json\/wp\/v2\/users\/1"}],"replies":[{"embeddable":true,"href":"https:\/\/tvbrazilusa.com\/pt\/wp-json\/wp\/v2\/comments?post=108771"}],"version-history":[{"count":1,"href":"https:\/\/tvbrazilusa.com\/pt\/wp-json\/wp\/v2\/posts\/108771\/revisions"}],"predecessor-version":[{"id":108773,"href":"https:\/\/tvbrazilusa.com\/pt\/wp-json\/wp\/v2\/posts\/108771\/revisions\/108773"}],"wp:featuredmedia":[{"embeddable":true,"href":"https:\/\/tvbrazilusa.com\/pt\/wp-json\/wp\/v2\/media\/108772"}],"wp:attachment":[{"href":"https:\/\/tvbrazilusa.com\/pt\/wp-json\/wp\/v2\/media?parent=108771"}],"wp:term":[{"taxonomy":"category","embeddable":true,"href":"https:\/\/tvbrazilusa.com\/pt\/wp-json\/wp\/v2\/categories?post=108771"},{"taxonomy":"post_tag","embeddable":true,"href":"https:\/\/tvbrazilusa.com\/pt\/wp-json\/wp\/v2\/tags?post=108771"}],"curies":[{"name":"wp","href":"https:\/\/api.w.org\/{rel}","templated":true}]}}