{"id":108790,"date":"2025-03-06T16:34:11","date_gmt":"2025-03-06T16:34:11","guid":{"rendered":"https:\/\/tvbrazilusa.com\/2025\/03\/06\/sergey-lavrov-ministro-de-relacoes-exteriores-da-russia-critica-fala-de-macron-sobre-armas-nucleares-e-diz-que-isso-foi-uma-ameaca-veja-video\/"},"modified":"2025-03-06T16:34:15","modified_gmt":"2025-03-06T16:34:15","slug":"sergey-lavrov-ministro-de-relacoes-exteriores-da-russia-critica-fala-de-macron-sobre-armas-nucleares-e-diz-que-isso-foi-uma-ameaca-veja-video","status":"publish","type":"post","link":"https:\/\/tvbrazilusa.com\/pt\/2025\/03\/06\/sergey-lavrov-ministro-de-relacoes-exteriores-da-russia-critica-fala-de-macron-sobre-armas-nucleares-e-diz-que-isso-foi-uma-ameaca-veja-video\/","title":{"rendered":"Sergey Lavrov, Ministro de Rela\u00e7\u00f5es Exteriores da R\u00fassia, critica fala de Macron sobre armas nucleares e diz que isso foi uma amea\u00e7a; VEJA V\u00cdDEO"},"content":{"rendered":"<p> <script async src=\"https:\/\/pagead2.googlesyndication.com\/pagead\/js\/adsbygoogle.js?client=ca-pub-8864793242727901\"\r\n     crossorigin=\"anonymous\"><\/script><br \/>\n<\/p>\n<div id=\"taboola-read-more\" style=\"display:block; width:100%\">\n<p>O ministro das Rela\u00e7\u00f5es Exteriores da R\u00fassia, Sergey Lavrov, afirmou nesta quinta-feira (6) que a ret\u00f3rica nuclear do presidente da Fran\u00e7a, Emmanuel Macron, representa \u201cuma amea\u00e7a&#8221; ao pa\u00eds.\n<\/p>\n<p>&#8220;\u00c9 claro que \u00e9 uma amea\u00e7a \u00e0 R\u00fassia (&#8230;) (Macron) diz que \u00e9 necess\u00e1rio empregar armas nucleares e se preparar para seu uso contra a R\u00fassia. Isso, logicamente, \u00e9 uma amea\u00e7a&#8221;, disse Lavrov em uma entrevista coletiva.<\/p>\n<p>Macron declarou na quarta-feira que estava aberto a estender o guarda-chuva nuclear franc\u00eas aos seus aliados europeus diante da amea\u00e7a russa e defendeu a abertura de um &#8220;debate estrat\u00e9gico&#8221;.\n<\/p>\n<p>\u201c(A R\u00fassia) \u00e9 uma amea\u00e7a para a Fran\u00e7a e para a Europa&#8221;, afirmou Macron em um discurso \u00e0 na\u00e7\u00e3o francesa.\n<\/p>\n<p>A esse respeito, Lavrov disse que alguns pa\u00edses da Otan e da Uni\u00e3o Europeia acreditam que &#8220;Macron, para salvar sua reputa\u00e7\u00e3o, que foi irremediavelmente pisoteada dentro da Fran\u00e7a, pode optar por medidas absolutamente insensatas&#8221;.\n<\/p>\n<p>O chanceler russo, que tra\u00e7ou um paralelo entre Macron e outros l\u00edderes que decidiram entrar em guerra com a R\u00fassia (Napole\u00e3o e Hitler), assegurou que &#8220;ningu\u00e9m o impede&#8221; de ligar para o ditador Vladimir Putin.\n<\/p>\n<p>&#8220;Quanto a essas acusa\u00e7\u00f5es francamente est\u00fapidas de que a R\u00fassia est\u00e1 preparando uma guerra contra a Europa e a Fran\u00e7a, Putin se manifestou em diversas ocasi\u00f5es, descartando essas ideias como bobagens sem sentido&#8221;, ressaltou.\n<\/p>\n<p>Fonte: Gazeta do Povo              <\/p>\n<\/div>\n<p><br \/>\n<br \/><a href=\"https:\/\/diariodobrasilnoticias.com.br\/noticia\/sergey-lavrov-ministro-de-relacoes-exteriores-da-russia-critica-fala-de-macron-sobre-armas-nucleares-e-diz-que-isso-foi-uma-ameaca-veja-video-67c9b4442d945\">Source link <\/a><\/p>","protected":false},"excerpt":{"rendered":"<p>O ministro das Rela\u00e7\u00f5es Exteriores da R\u00fassia, Sergey Lavrov, afirmou nesta quinta-feira (6) que a ret\u00f3rica nuclear do presidente da Fran\u00e7a, Emmanuel Macron, representa \u201cuma amea\u00e7a&#8221; ao pa\u00eds. &#8220;\u00c9 claro&hellip;<\/p>","protected":false},"author":1,"featured_media":108791,"comment_status":"closed","ping_status":"open","sticky":false,"template":"","format":"standard","meta":{"content-type":"","footnotes":""},"categories":[16],"tags":[123,2448,5313,1267],"class_list":["post-108790","post","type-post","status-publish","format-standard","has-post-thumbnail","hentry","category-noticias","tag-brasil","tag-diario","tag-noticia","tag-noticias"],"_links":{"self":[{"href":"https:\/\/tvbrazilusa.com\/pt\/wp-json\/wp\/v2\/posts\/108790","targetHints":{"allow":["GET"]}}],"collection":[{"href":"https:\/\/tvbrazilusa.com\/pt\/wp-json\/wp\/v2\/posts"}],"about":[{"href":"https:\/\/tvbrazilusa.com\/pt\/wp-json\/wp\/v2\/types\/post"}],"author":[{"embeddable":true,"href":"https:\/\/tvbrazilusa.com\/pt\/wp-json\/wp\/v2\/users\/1"}],"replies":[{"embeddable":true,"href":"https:\/\/tvbrazilusa.com\/pt\/wp-json\/wp\/v2\/comments?post=108790"}],"version-history":[{"count":1,"href":"https:\/\/tvbrazilusa.com\/pt\/wp-json\/wp\/v2\/posts\/108790\/revisions"}],"predecessor-version":[{"id":108792,"href":"https:\/\/tvbrazilusa.com\/pt\/wp-json\/wp\/v2\/posts\/108790\/revisions\/108792"}],"wp:featuredmedia":[{"embeddable":true,"href":"https:\/\/tvbrazilusa.com\/pt\/wp-json\/wp\/v2\/media\/108791"}],"wp:attachment":[{"href":"https:\/\/tvbrazilusa.com\/pt\/wp-json\/wp\/v2\/media?parent=108790"}],"wp:term":[{"taxonomy":"category","embeddable":true,"href":"https:\/\/tvbrazilusa.com\/pt\/wp-json\/wp\/v2\/categories?post=108790"},{"taxonomy":"post_tag","embeddable":true,"href":"https:\/\/tvbrazilusa.com\/pt\/wp-json\/wp\/v2\/tags?post=108790"}],"curies":[{"name":"wp","href":"https:\/\/api.w.org\/{rel}","templated":true}]}}