{"id":108799,"date":"2025-03-06T17:06:15","date_gmt":"2025-03-06T17:06:15","guid":{"rendered":"https:\/\/tvbrazilusa.com\/2025\/03\/06\/byd-diz-estar-disposta-a-fazer-parceria-com-tesla-entenda\/"},"modified":"2025-03-06T17:06:21","modified_gmt":"2025-03-06T17:06:21","slug":"byd-diz-estar-disposta-a-fazer-parceria-com-tesla-entenda","status":"publish","type":"post","link":"https:\/\/tvbrazilusa.com\/pt\/2025\/03\/06\/byd-diz-estar-disposta-a-fazer-parceria-com-tesla-entenda\/","title":{"rendered":"BYD diz estar disposta a fazer parceria com Tesla; entenda"},"content":{"rendered":"<p> <script async src=\"https:\/\/pagead2.googlesyndication.com\/pagead\/js\/adsbygoogle.js?client=ca-pub-8864793242727901\"\r\n     crossorigin=\"anonymous\"><\/script><br \/>\n<\/p>\n<div id=\"taboola-read-more\" style=\"display:block; width:100%\">\n<p>A vice-presidente-executiva da BYD, Stella Li, disse em entrevista ao jornal Financial Times da ter\u00e7a-feira 4 que a montadora chinesa est\u00e1 aberta a fechar uma parceria com a Tesla para impulsionar a substitui\u00e7\u00e3o dos ve\u00edculos a combust\u00e3o por el\u00e9tricos.\n<\/p>\n<p>Ambas as empresas s\u00e3o l\u00edderes no segmento de ve\u00edculos el\u00e9tricos e disputam o mercado global do setor. Enquanto a BYD expande sua presen\u00e7a na Europa, a Tesla enfrenta queda nas vendas no continente, fator atribu\u00eddo, em parte, ao posicionamento pol\u00edtico de Elon Musk.<\/p>\n<p>Stella tamb\u00e9m ressaltou que a China est\u00e1 disposta a compartilhar tecnologias de ve\u00edculos el\u00e9tricos e de dire\u00e7\u00e3o aut\u00f4noma com empresas estrangeiras, apesar de tens\u00f5es comerciais.\n<\/p>\n<p>Para sustentar sua expans\u00e3o internacional, a BYD arrecadou US$ 5,6 bilh\u00f5es por meio de uma oferta de a\u00e7\u00f5es em Hong Kong.\n<\/p>\n<p>No entanto, a entrada da marca no mercado europeu enfrenta desafios: a Uni\u00e3o Europeia imp\u00f5e exig\u00eancias, como a transfer\u00eancia de propriedade intelectual por parte de montadoras chinesas, em troca de subs\u00eddios.\n<\/p>\n<p>\u00a0<\/p>\n<p>A BYD n\u00e3o tem planos de introduzir seus EVs nos Estados Unidos, que em 2024 impuseram uma tarifa de 100% sobre carros el\u00e9tricos chineses.\n<\/p>\n<h2 class=\"wp-block-heading\">Tr\u00eas Poderes usam carros el\u00e9tricos da BYD sob empr\u00e9stimo<\/h2>\n<p>A empresa chinesa BYD, que avan\u00e7a com obras da sua primeira f\u00e1brica no Brasil, firmou contratos em que \u201cempresta\u201d carros el\u00e9tricos para serem usados pela Presid\u00eancia, pela C\u00e2mara dos Deputados, por ministros do\u00a0<strong><a href=\"https:\/\/www.stj.jus.br\/sites\/portalp\/Inicio\" target=\"_blank\" rel=\"noopener noreferrer\">Superior Tribunal de Justi\u00e7a (STJ)<\/a><\/strong>\u00a0e do Tribunal de Contas da Uni\u00e3o (TCU). A informa\u00e7\u00e3o \u00e9 do site Poder360.\n<\/p>\n<p>\u201cCom o ingresso de modelos el\u00e9tricos no mercado brasileiro, o comodato n\u00e3o oneroso vem sendo celebrado por \u00f3rg\u00e3os da administra\u00e7\u00e3o p\u00fablica interessados em conhecer e testar o desempenho de tais ve\u00edculos\u201d, disse a assessoria do STJ ao site. \u201cAo STF, foram cedidos 20 carros el\u00e9tricos.\u201d\n<\/p>\n<p>\u00a0<\/p>\n<p>O empr\u00e9stimo \u00e9 feito pelo regime de comodato, uma modalidade de contrato em que um bem \u00e9 cedido sem \u00f4nus para quem o recebe.\n<\/p>\n<p>Os \u00f3rg\u00e3os p\u00fablicos utilizar\u00e3o os ve\u00edculos como forma de testar as novas tecnologias e promover a marca. Foram abertos chamamentos p\u00fablicos para as parcerias \u201cn\u00e3o onerosas\u201d.<\/p>\n<p>Fonte: Revista Oeste              <\/p>\n<\/div>\n<p><br \/>\n<br \/><a href=\"https:\/\/diariodobrasilnoticias.com.br\/noticia\/byd-diz-estar-disposta-a-fazer-parceria-com-tesla-entenda-67c9b69c0182f\">Source link <\/a><\/p>","protected":false},"excerpt":{"rendered":"<p>A vice-presidente-executiva da BYD, Stella Li, disse em entrevista ao jornal Financial Times da ter\u00e7a-feira 4 que a montadora chinesa est\u00e1 aberta a fechar uma parceria com a Tesla para&hellip;<\/p>","protected":false},"author":1,"featured_media":108800,"comment_status":"closed","ping_status":"open","sticky":false,"template":"","format":"standard","meta":{"content-type":"","footnotes":""},"categories":[16],"tags":[123,2448,5313,1267],"class_list":["post-108799","post","type-post","status-publish","format-standard","has-post-thumbnail","hentry","category-noticias","tag-brasil","tag-diario","tag-noticia","tag-noticias"],"_links":{"self":[{"href":"https:\/\/tvbrazilusa.com\/pt\/wp-json\/wp\/v2\/posts\/108799","targetHints":{"allow":["GET"]}}],"collection":[{"href":"https:\/\/tvbrazilusa.com\/pt\/wp-json\/wp\/v2\/posts"}],"about":[{"href":"https:\/\/tvbrazilusa.com\/pt\/wp-json\/wp\/v2\/types\/post"}],"author":[{"embeddable":true,"href":"https:\/\/tvbrazilusa.com\/pt\/wp-json\/wp\/v2\/users\/1"}],"replies":[{"embeddable":true,"href":"https:\/\/tvbrazilusa.com\/pt\/wp-json\/wp\/v2\/comments?post=108799"}],"version-history":[{"count":1,"href":"https:\/\/tvbrazilusa.com\/pt\/wp-json\/wp\/v2\/posts\/108799\/revisions"}],"predecessor-version":[{"id":108801,"href":"https:\/\/tvbrazilusa.com\/pt\/wp-json\/wp\/v2\/posts\/108799\/revisions\/108801"}],"wp:featuredmedia":[{"embeddable":true,"href":"https:\/\/tvbrazilusa.com\/pt\/wp-json\/wp\/v2\/media\/108800"}],"wp:attachment":[{"href":"https:\/\/tvbrazilusa.com\/pt\/wp-json\/wp\/v2\/media?parent=108799"}],"wp:term":[{"taxonomy":"category","embeddable":true,"href":"https:\/\/tvbrazilusa.com\/pt\/wp-json\/wp\/v2\/categories?post=108799"},{"taxonomy":"post_tag","embeddable":true,"href":"https:\/\/tvbrazilusa.com\/pt\/wp-json\/wp\/v2\/tags?post=108799"}],"curies":[{"name":"wp","href":"https:\/\/api.w.org\/{rel}","templated":true}]}}