{"id":108808,"date":"2025-03-06T17:20:21","date_gmt":"2025-03-06T17:20:21","guid":{"rendered":"https:\/\/tvbrazilusa.com\/2025\/03\/06\/neymar-volta-a-selecao-veja-lista-de-convocados-de-dorival\/"},"modified":"2025-03-06T17:20:22","modified_gmt":"2025-03-06T17:20:22","slug":"neymar-volta-a-selecao-veja-lista-de-convocados-de-dorival","status":"publish","type":"post","link":"https:\/\/tvbrazilusa.com\/pt\/2025\/03\/06\/neymar-volta-a-selecao-veja-lista-de-convocados-de-dorival\/","title":{"rendered":"Neymar volta \u00e0 Sele\u00e7\u00e3o; veja lista de convocados de Dorival"},"content":{"rendered":"<p> <script async src=\"https:\/\/pagead2.googlesyndication.com\/pagead\/js\/adsbygoogle.js?client=ca-pub-8864793242727901\"\r\n     crossorigin=\"anonymous\"><\/script><br \/>\n<\/p>\n<div data-block-type=\"unstyled\" data-block-weight=\"40\" data-block-id=\"8\">\n<p class=\"content-text__container\" data-track-category=\"Link no Texto\" data-track-links=\"\" data-mrf-recirculation=\"Artigo - Link no Texto\">Sete jogadores que atuam no futebol brasileiro foram chamados: Guilherme Arana, do Atl\u00e9tico-MG, Danilo, L\u00e9o Ortiz, Gerson e Wesley, do Flamengo, Est\u00eav\u00e3o, do Palmeiras, e Neymar, do Santos. O \u00fanico estreante da lista \u00e9 o lateral-direito Wesley, de 21 anos.\n<\/p>\n<\/div>\n<p><br \/>\n<br \/><a href=\"https:\/\/diariodobrasilnoticias.com.br\/noticia\/neymar-volta-a-selecao-veja-lista-de-convocados-de-dorival-67c9b9b5c6070\">Source link <\/a><\/p>","protected":false},"excerpt":{"rendered":"<p>Sete jogadores que atuam no futebol brasileiro foram chamados: Guilherme Arana, do Atl\u00e9tico-MG, Danilo, L\u00e9o Ortiz, Gerson e Wesley, do Flamengo, Est\u00eav\u00e3o, do Palmeiras, e Neymar, do Santos. O \u00fanico&hellip;<\/p>","protected":false},"author":1,"featured_media":108809,"comment_status":"closed","ping_status":"open","sticky":false,"template":"","format":"standard","meta":{"content-type":"","footnotes":""},"categories":[16],"tags":[123,2448,5313,1267],"class_list":["post-108808","post","type-post","status-publish","format-standard","has-post-thumbnail","hentry","category-noticias","tag-brasil","tag-diario","tag-noticia","tag-noticias"],"_links":{"self":[{"href":"https:\/\/tvbrazilusa.com\/pt\/wp-json\/wp\/v2\/posts\/108808","targetHints":{"allow":["GET"]}}],"collection":[{"href":"https:\/\/tvbrazilusa.com\/pt\/wp-json\/wp\/v2\/posts"}],"about":[{"href":"https:\/\/tvbrazilusa.com\/pt\/wp-json\/wp\/v2\/types\/post"}],"author":[{"embeddable":true,"href":"https:\/\/tvbrazilusa.com\/pt\/wp-json\/wp\/v2\/users\/1"}],"replies":[{"embeddable":true,"href":"https:\/\/tvbrazilusa.com\/pt\/wp-json\/wp\/v2\/comments?post=108808"}],"version-history":[{"count":1,"href":"https:\/\/tvbrazilusa.com\/pt\/wp-json\/wp\/v2\/posts\/108808\/revisions"}],"predecessor-version":[{"id":108810,"href":"https:\/\/tvbrazilusa.com\/pt\/wp-json\/wp\/v2\/posts\/108808\/revisions\/108810"}],"wp:featuredmedia":[{"embeddable":true,"href":"https:\/\/tvbrazilusa.com\/pt\/wp-json\/wp\/v2\/media\/108809"}],"wp:attachment":[{"href":"https:\/\/tvbrazilusa.com\/pt\/wp-json\/wp\/v2\/media?parent=108808"}],"wp:term":[{"taxonomy":"category","embeddable":true,"href":"https:\/\/tvbrazilusa.com\/pt\/wp-json\/wp\/v2\/categories?post=108808"},{"taxonomy":"post_tag","embeddable":true,"href":"https:\/\/tvbrazilusa.com\/pt\/wp-json\/wp\/v2\/tags?post=108808"}],"curies":[{"name":"wp","href":"https:\/\/api.w.org\/{rel}","templated":true}]}}