{"id":108832,"date":"2025-03-06T18:28:43","date_gmt":"2025-03-06T18:28:43","guid":{"rendered":"https:\/\/tvbrazilusa.com\/2025\/03\/06\/trump-vai-reabrir-centro-de-detencao-para-familias-imigrantes\/"},"modified":"2025-03-06T18:28:44","modified_gmt":"2025-03-06T18:28:44","slug":"trump-vai-reabrir-centro-de-detencao-para-familias-imigrantes","status":"publish","type":"post","link":"https:\/\/tvbrazilusa.com\/pt\/2025\/03\/06\/trump-vai-reabrir-centro-de-detencao-para-familias-imigrantes\/","title":{"rendered":"Trump vai reabrir centro de deten\u00e7\u00e3o para fam\u00edlias imigrantes"},"content":{"rendered":"<p> <script async src=\"https:\/\/pagead2.googlesyndication.com\/pagead\/js\/adsbygoogle.js?client=ca-pub-8864793242727901\"\r\n     crossorigin=\"anonymous\"><\/script><br \/>\n<\/p>\n<div id=\"taboola-read-more\" style=\"display:block; width:100%\">\n<p>O governo do presidente dos Estados Unidos, Donald Trump (Partido Republicano), vai reativar um centro de deten\u00e7\u00e3o em Dilley, no Texas, para fam\u00edlias imigrantes que enfrentam processos de deporta\u00e7\u00e3o. A medida, anunciada na 4\u00aa feira (5.mar.2025), retoma a pr\u00e1tica de prender crian\u00e7as 4 anos depois de ter sido suspensa por Joe Biden (Partido Democrata).\n<\/p>\n<p>Segundo o jornal americano The Washington Post, a CoreCivic fechou acordo com o ICE (Servi\u00e7o de Imigra\u00e7\u00e3o e Controle de Alf\u00e2ndega) para operar o local, que tem capacidade para 2.400 pessoas, entre adultos e crian\u00e7as. O contrato prev\u00ea uma receita anual de US$ 180 milh\u00f5es e vai at\u00e9 2030.<\/p>\n<p>A divulga\u00e7\u00e3o do contrato se d\u00e1 1 dia ap\u00f3s Trump pedir ao Congresso financiamento imediato para \u201ca maior opera\u00e7\u00e3o de deporta\u00e7\u00e3o da hist\u00f3ria americana\u201c.\n<\/p>\n<p>A retomada da deten\u00e7\u00e3o familiar aumenta a capacidade do governo para realizar as deporta\u00e7\u00f5es em massa e enfrenta forte oposi\u00e7\u00e3o de defensores dos direitos humanos.\n<\/p>\n<p>\u201cEsta instala\u00e7\u00e3o, conhecida por neglig\u00eancia e abusos, marca outro cap\u00edtulo sombrio no tratamento de imigrantes\u201c, afirmou Eunice Cho, advogada da Uni\u00e3o Americana de Liberdades Civis, ao Post.\n<\/p>\n<p>Durante o 1\u00ba mandato de Trump, crian\u00e7as morreram quando estavam sob cust\u00f3dia federal. Entre as v\u00edtimas, estava uma menina de quase 2 anos que morreu depois de deixar o centro de Dilley.\n<\/p>\n<p>Biden encerrou a deten\u00e7\u00e3o familiar em 2021, convertendo as instala\u00e7\u00f5es no Texas e na Pensilv\u00e2nia em centros para adultos.\n<\/p>\n<p>Recentemente, a CoreCivic entregou 784 novos leitos para o ICE em 4 Estados: Ohio, Nevada, Oklahoma e Mississippi. \u201cEstamos em um per\u00edodo de demanda crescente de nossos parceiros federais\u201c, disse Damon Hininger, CEO da empresa.\n<\/p>\n<p>O diretor do ICE, Tom Homan, conhecido como \u201cczar da fronteira\u201d, j\u00e1 indicou que a sua meta \u00e9 deter as fam\u00edlias conjuntamente para deport\u00e1-las para seus pa\u00edses de origem.\n<\/p>\n<p>No seu discurso na noite de 3\u00aa feira (4.mar), Trump fez um agradecimento direto a Homan pelo trabalho feito nas primeiras 6 semanas de governo.\n<\/p>\n<p>\u201cE eu quero agradecer a Tom Homan e Kristi [Noem, secret\u00e1ria de Seguran\u00e7a Interna dos EUA], quero agradecer a voc\u00eas, e a Paul [P\u00e9rez, presidente] da Patrulha da Fronteira. Quero agradecer a voc\u00eas. Que trabalho eles fizeram \u2014 todos, a Patrulha da Fronteira, o ICE, a pol\u00edcia em geral s\u00e3o incr\u00edveis, temos que cuidar da nossa pol\u00edcia\u201c, disse o presidente.\n<\/p>\n<p><strong>Poder 360<\/strong>              <\/p>\n<\/div>\n<p><br \/>\n<br \/><a href=\"https:\/\/diariodobrasilnoticias.com.br\/noticia\/trump-vai-reabrir-centro-de-detencao-para-familias-imigrantes-67c9bffce98f8\">Source link <\/a><\/p>","protected":false},"excerpt":{"rendered":"<p>O governo do presidente dos Estados Unidos, Donald Trump (Partido Republicano), vai reativar um centro de deten\u00e7\u00e3o em Dilley, no Texas, para fam\u00edlias imigrantes que enfrentam processos de deporta\u00e7\u00e3o. A&hellip;<\/p>","protected":false},"author":1,"featured_media":108833,"comment_status":"closed","ping_status":"open","sticky":false,"template":"","format":"standard","meta":{"content-type":"","footnotes":""},"categories":[16],"tags":[123,2448,5313,1267],"class_list":["post-108832","post","type-post","status-publish","format-standard","has-post-thumbnail","hentry","category-noticias","tag-brasil","tag-diario","tag-noticia","tag-noticias"],"_links":{"self":[{"href":"https:\/\/tvbrazilusa.com\/pt\/wp-json\/wp\/v2\/posts\/108832","targetHints":{"allow":["GET"]}}],"collection":[{"href":"https:\/\/tvbrazilusa.com\/pt\/wp-json\/wp\/v2\/posts"}],"about":[{"href":"https:\/\/tvbrazilusa.com\/pt\/wp-json\/wp\/v2\/types\/post"}],"author":[{"embeddable":true,"href":"https:\/\/tvbrazilusa.com\/pt\/wp-json\/wp\/v2\/users\/1"}],"replies":[{"embeddable":true,"href":"https:\/\/tvbrazilusa.com\/pt\/wp-json\/wp\/v2\/comments?post=108832"}],"version-history":[{"count":1,"href":"https:\/\/tvbrazilusa.com\/pt\/wp-json\/wp\/v2\/posts\/108832\/revisions"}],"predecessor-version":[{"id":108834,"href":"https:\/\/tvbrazilusa.com\/pt\/wp-json\/wp\/v2\/posts\/108832\/revisions\/108834"}],"wp:featuredmedia":[{"embeddable":true,"href":"https:\/\/tvbrazilusa.com\/pt\/wp-json\/wp\/v2\/media\/108833"}],"wp:attachment":[{"href":"https:\/\/tvbrazilusa.com\/pt\/wp-json\/wp\/v2\/media?parent=108832"}],"wp:term":[{"taxonomy":"category","embeddable":true,"href":"https:\/\/tvbrazilusa.com\/pt\/wp-json\/wp\/v2\/categories?post=108832"},{"taxonomy":"post_tag","embeddable":true,"href":"https:\/\/tvbrazilusa.com\/pt\/wp-json\/wp\/v2\/tags?post=108832"}],"curies":[{"name":"wp","href":"https:\/\/api.w.org\/{rel}","templated":true}]}}