{"id":108838,"date":"2025-03-06T18:41:55","date_gmt":"2025-03-06T18:41:55","guid":{"rendered":"https:\/\/tvbrazilusa.com\/2025\/03\/06\/busca-por-denunciados-em-suposta-tentativa-de-golpe-tem-enderecos-desatualizados-e-mudanca-de-pais\/"},"modified":"2025-03-06T18:41:57","modified_gmt":"2025-03-06T18:41:57","slug":"busca-por-denunciados-em-suposta-tentativa-de-golpe-tem-enderecos-desatualizados-e-mudanca-de-pais","status":"publish","type":"post","link":"https:\/\/tvbrazilusa.com\/pt\/2025\/03\/06\/busca-por-denunciados-em-suposta-tentativa-de-golpe-tem-enderecos-desatualizados-e-mudanca-de-pais\/","title":{"rendered":"Busca por denunciados em suposta tentativa de golpe tem endere\u00e7os desatualizados e mudan\u00e7a de pa\u00eds"},"content":{"rendered":"<p> <script async src=\"https:\/\/pagead2.googlesyndication.com\/pagead\/js\/adsbygoogle.js?client=ca-pub-8864793242727901\"\r\n     crossorigin=\"anonymous\"><\/script><br \/>\n<\/p>\n<div id=\"taboola-read-more\" style=\"display:block; width:100%\">\n<p>Oficiais de Justi\u00e7a de diversas regi\u00f5es do Brasil precisaram notificar pessoalmente, por meio de documentos f\u00edsicos, 34 pessoas denunciadas pela Procuradoria-Geral da Rep\u00fablica (PGR). Elas s\u00e3o acusadas de participa\u00e7\u00e3o na suposta tentativa de golpe de Estado de 2022.\n<\/p>\n<p>A tarefa, no entanto, n\u00e3o foi simples. Muitos dos denunciados estavam com endere\u00e7os desatualizados, o que dificultou o processo. Entre os casos que geraram aten\u00e7\u00e3o, est\u00e1 o de Paulo Figueiredo, ex-apresentador da Jovem Pan, que mora nos Estados Unidos desde 2015.<\/p>\n<p>Em 19 de fevereiro, o ministro Alexandre de Moraes, do Supremo Tribunal Federal (STF), emitiu uma ordem para que a Justi\u00e7a Federal notificasse pessoalmente os acusados da suposta tentativa de golpe. A notifica\u00e7\u00e3o deu um prazo de 15 dias para que os denunciados apresentassem suas respostas. Al\u00e9m disso, os oficiais tinham at\u00e9 48 horas para realizar a comunica\u00e7\u00e3o. O objetivo era garantir que o processo legal fosse seguido corretamente.\n<\/p>\n<p>No dia 20 de fevereiro, a oficial de Justi\u00e7a Ana C\u00e9lia da Silva partiu do Rio de Janeiro para localizar Paulo Figueiredo. Ela seguiu as orienta\u00e7\u00f5es da carta enviada pelo STF e foi at\u00e9 o endere\u00e7o indicado na Barra da Tijuca. No local, encontrou uma casa de festas chamada \u201cP\u00e9rola Negra\u201d.\n<\/p>\n<p>A funcion\u00e1ria, chamada Francisca, informou que o nome do acusado n\u00e3o correspondia ao endere\u00e7o e explicou que o n\u00famero poderia ser confundido com outro da regi\u00e3o. Ana C\u00e9lia levou cerca de 20 minutos para encontrar o pr\u00e9dio correto, conforme revelou o jornal\u00a0<em>Folha de S.Paulo.<\/em>\n<\/p>\n<p>\u00a0<\/p>\n<h2 class=\"wp-block-heading\">Oficiais de Justi\u00e7a enfrentam dificuldades para localizar denunciados<\/h2>\n<p>Quando conversou com o porteiro, descobriu que ele tamb\u00e9m n\u00e3o conhecia Paulo Figueiredo. A administradora do condom\u00ednio afirmou que ele havia sido propriet\u00e1rio do im\u00f3vel at\u00e9 2012. O ex-apresentador confirmou que mora nos Estados Unidos desde 2015 e disse que a notifica\u00e7\u00e3o, sem o uso de acordos internacionais, seria inv\u00e1lida.\n<\/p>\n<p>\u201cMoro no mesmo lugar certo e sabido nos EUA h\u00e1 dez anos\u201d, disse o jornalista \u00e0\u00a0<em>Folha.<\/em>\u00a0\u201cDe conhecimento inclusive do Judici\u00e1rio que j\u00e1 me notificou aqui usando o MLAT [Acordo de Assist\u00eancia M\u00fatua, em portugu\u00eas] no ano passado, como tem que ser, em um processo tribut\u00e1rio.\u201d\n<\/p>\n<p>A funcion\u00e1ria, chamada Francisca, informou que o nome do acusado n\u00e3o correspondia ao endere\u00e7o e explicou que o n\u00famero poderia ser confundido com outro da regi\u00e3o. Ana C\u00e9lia levou cerca de 20 minutos para encontrar o pr\u00e9dio correto, conforme revelou o jornal\u00a0<em>Folha de S.Paulo.<\/em>\n<\/p>\n<p>\u00a0<\/p>\n<h2 class=\"wp-block-heading\">Oficiais de Justi\u00e7a enfrentam dificuldades para localizar denunciados<\/h2>\n<p>Quando conversou com o porteiro, descobriu que ele tamb\u00e9m n\u00e3o conhecia Paulo Figueiredo. A administradora do condom\u00ednio afirmou que ele havia sido propriet\u00e1rio do im\u00f3vel at\u00e9 2012. O ex-apresentador confirmou que mora nos Estados Unidos desde 2015 e disse que a notifica\u00e7\u00e3o, sem o uso de acordos internacionais, seria inv\u00e1lida.\n<\/p>\n<p>\u201cMoro no mesmo lugar certo e sabido nos EUA h\u00e1 dez anos\u201d, disse o jornalista \u00e0\u00a0<em>Folha.<\/em>\u00a0\u201cDe conhecimento inclusive do Judici\u00e1rio que j\u00e1 me notificou aqui usando o MLAT [Acordo de Assist\u00eancia M\u00fatua, em portugu\u00eas] no ano passado, como tem que ser, em um processo tribut\u00e1rio.\u201d\n<\/p>\n<p>A funcion\u00e1ria, chamada Francisca, informou que o nome do acusado n\u00e3o correspondia ao endere\u00e7o e explicou que o n\u00famero poderia ser confundido com outro da regi\u00e3o. Ana C\u00e9lia levou cerca de 20 minutos para encontrar o pr\u00e9dio correto, conforme revelou o jornal\u00a0<em>Folha de S.Paulo.<\/em>\n<\/p>\n<p>\u00a0<\/p>\n<h2 class=\"wp-block-heading\">Oficiais de Justi\u00e7a enfrentam dificuldades para localizar denunciados<\/h2>\n<p>Quando conversou com o porteiro, descobriu que ele tamb\u00e9m n\u00e3o conhecia Paulo Figueiredo. A administradora do condom\u00ednio afirmou que ele havia sido propriet\u00e1rio do im\u00f3vel at\u00e9 2012. O ex-apresentador confirmou que mora nos Estados Unidos desde 2015 e disse que a notifica\u00e7\u00e3o, sem o uso de acordos internacionais, seria inv\u00e1lida.\n<\/p>\n<p>\u201cMoro no mesmo lugar certo e sabido nos EUA h\u00e1 dez anos\u201d, disse o jornalista \u00e0\u00a0<em>Folha.<\/em>\u00a0\u201cDe conhecimento inclusive do Judici\u00e1rio que j\u00e1 me notificou aqui usando o MLAT [Acordo de Assist\u00eancia M\u00fatua, em portugu\u00eas] no ano passado, como tem que ser, em um processo tribut\u00e1rio.\u201d\n<\/p>\n<p>Antes dessa tentativa, Ana C\u00e9lia procurou pelo deputado federal Alexandre Ramagem (PL-RJ) na Avenida Alda Garrido, tamb\u00e9m na Barra da Tijuca. No entanto, a numera\u00e7\u00e3o irregular da rua impediu que ela encontrasse o endere\u00e7o correto. Posteriormente, Ramagem foi notificado em Bras\u00edlia, onde reside desde o in\u00edcio do governo Bolsonaro.\n<\/p>\n<p>\u00a0<\/p>\n<p>Em outro caso, no dia 19 de fevereiro, o oficial Paulo Gustavo Hundertmark tentou localizar o coronel Bernardo Correa Neto em Porto Alegre. No entanto, o militar estava em Bras\u00edlia, onde faz uso de tornozeleira eletr\u00f4nica. Essa informa\u00e7\u00e3o s\u00f3 foi revelada posteriormente, e a notifica\u00e7\u00e3o foi realizada na capital federal.\n<\/p>\n<p>Em Matozinhos (MG), a oficial de Justi\u00e7a Fl\u00e1via Linhares cometeu um erro ao entregar uma notifica\u00e7\u00e3o incorreta a Marcelo Bormevet, acusado de integrar a suposta \u201cAbin paralela\u201d. O erro foi corrigido, e uma nova notifica\u00e7\u00e3o foi enviada.\n<\/p>\n<h2 class=\"wp-block-heading\">Denunciados em suposta tentativa de golpe enfrentam prazos prestes a se esgotar<\/h2>\n<p>Os prazos para que os denunciados respondam \u00e0s acusa\u00e7\u00f5es, a partir da data da notifica\u00e7\u00e3o, est\u00e3o se aproximando do fim. Para algumas figuras-chave, como o ex-presidente Jair Bolsonaro, Augusto Heleno e Mauro Cid, o prazo se encerra nesta quinta-feira, 6. J\u00e1 Walter Braga Netto e Almir Garnier Santos t\u00eam at\u00e9 sexta-feira, 7, para apresentar suas defesas.\n<\/p>\n<p>Fonte: Revsta Oeste              <\/p>\n<\/div>\n<p><br \/>\n<br \/><a href=\"https:\/\/diariodobrasilnoticias.com.br\/noticia\/busca-por-denunciados-em-suposta-tentativa-de-golpe-tem-enderecos-desatualizados-e-mudanca-de-pais-67c9ce5a1cf49\">Source link <\/a><\/p>","protected":false},"excerpt":{"rendered":"<p>Oficiais de Justi\u00e7a de diversas regi\u00f5es do Brasil precisaram notificar pessoalmente, por meio de documentos f\u00edsicos, 34 pessoas denunciadas pela Procuradoria-Geral da Rep\u00fablica (PGR). Elas s\u00e3o acusadas de participa\u00e7\u00e3o na&hellip;<\/p>","protected":false},"author":1,"featured_media":108839,"comment_status":"closed","ping_status":"open","sticky":false,"template":"","format":"standard","meta":{"content-type":"","footnotes":""},"categories":[16],"tags":[123,2448,5313,1267],"class_list":["post-108838","post","type-post","status-publish","format-standard","has-post-thumbnail","hentry","category-noticias","tag-brasil","tag-diario","tag-noticia","tag-noticias"],"_links":{"self":[{"href":"https:\/\/tvbrazilusa.com\/pt\/wp-json\/wp\/v2\/posts\/108838","targetHints":{"allow":["GET"]}}],"collection":[{"href":"https:\/\/tvbrazilusa.com\/pt\/wp-json\/wp\/v2\/posts"}],"about":[{"href":"https:\/\/tvbrazilusa.com\/pt\/wp-json\/wp\/v2\/types\/post"}],"author":[{"embeddable":true,"href":"https:\/\/tvbrazilusa.com\/pt\/wp-json\/wp\/v2\/users\/1"}],"replies":[{"embeddable":true,"href":"https:\/\/tvbrazilusa.com\/pt\/wp-json\/wp\/v2\/comments?post=108838"}],"version-history":[{"count":1,"href":"https:\/\/tvbrazilusa.com\/pt\/wp-json\/wp\/v2\/posts\/108838\/revisions"}],"predecessor-version":[{"id":108840,"href":"https:\/\/tvbrazilusa.com\/pt\/wp-json\/wp\/v2\/posts\/108838\/revisions\/108840"}],"wp:featuredmedia":[{"embeddable":true,"href":"https:\/\/tvbrazilusa.com\/pt\/wp-json\/wp\/v2\/media\/108839"}],"wp:attachment":[{"href":"https:\/\/tvbrazilusa.com\/pt\/wp-json\/wp\/v2\/media?parent=108838"}],"wp:term":[{"taxonomy":"category","embeddable":true,"href":"https:\/\/tvbrazilusa.com\/pt\/wp-json\/wp\/v2\/categories?post=108838"},{"taxonomy":"post_tag","embeddable":true,"href":"https:\/\/tvbrazilusa.com\/pt\/wp-json\/wp\/v2\/tags?post=108838"}],"curies":[{"name":"wp","href":"https:\/\/api.w.org\/{rel}","templated":true}]}}