{"id":108841,"date":"2025-03-06T18:54:39","date_gmt":"2025-03-06T18:54:39","guid":{"rendered":"https:\/\/tvbrazilusa.com\/2025\/03\/06\/filho-de-prefeito-em-comuna-francesa-confessa-ter-assassinado-e-enterrado-pai\/"},"modified":"2025-03-06T18:54:40","modified_gmt":"2025-03-06T18:54:40","slug":"filho-de-prefeito-em-comuna-francesa-confessa-ter-assassinado-e-enterrado-pai","status":"publish","type":"post","link":"https:\/\/tvbrazilusa.com\/pt\/2025\/03\/06\/filho-de-prefeito-em-comuna-francesa-confessa-ter-assassinado-e-enterrado-pai\/","title":{"rendered":"Filho de prefeito em comuna francesa confessa ter assassinado e enterrado pai"},"content":{"rendered":"<p> <script async src=\"https:\/\/pagead2.googlesyndication.com\/pagead\/js\/adsbygoogle.js?client=ca-pub-8864793242727901\"\r\n     crossorigin=\"anonymous\"><\/script><br \/>\n<\/p>\n<div data-block-type=\"unstyled\" data-block-weight=\"50\" data-block-id=\"7\">\n<p class=\"content-text__container\" data-track-category=\"Link no Texto\" data-track-links=\"\" data-mrf-recirculation=\"Article links\">Ap\u00f3s isso, ele ent\u00e3o &#8220;o enterrou, parcialmente nu, no celeiro de cabras da propriedade&#8221;, onde moravam juntos. O filho ent\u00e3o &#8220;limpou a cena, antes de mover o carro do pai para um bosque pertencente \u00e0 fam\u00edlia, para fazer parecer que o prefeito estava saindo&#8221;, relata o jornal franc\u00eas &#8220;ici Normandie&#8221;.\n<\/p>\n<\/div>\n<p><br \/>\n<br \/><a href=\"https:\/\/diariodobrasilnoticias.com.br\/noticia\/filho-de-prefeito-em-comuna-francesa-confessa-ter-assassinado-e-enterrado-pai-67c9cb78cb68f\">Source link <\/a><\/p>","protected":false},"excerpt":{"rendered":"<p>Ap\u00f3s isso, ele ent\u00e3o &#8220;o enterrou, parcialmente nu, no celeiro de cabras da propriedade&#8221;, onde moravam juntos. O filho ent\u00e3o &#8220;limpou a cena, antes de mover o carro do pai&hellip;<\/p>","protected":false},"author":1,"featured_media":108842,"comment_status":"closed","ping_status":"open","sticky":false,"template":"","format":"standard","meta":{"content-type":"","footnotes":""},"categories":[16],"tags":[123,2448,5313,1267],"class_list":["post-108841","post","type-post","status-publish","format-standard","has-post-thumbnail","hentry","category-noticias","tag-brasil","tag-diario","tag-noticia","tag-noticias"],"_links":{"self":[{"href":"https:\/\/tvbrazilusa.com\/pt\/wp-json\/wp\/v2\/posts\/108841","targetHints":{"allow":["GET"]}}],"collection":[{"href":"https:\/\/tvbrazilusa.com\/pt\/wp-json\/wp\/v2\/posts"}],"about":[{"href":"https:\/\/tvbrazilusa.com\/pt\/wp-json\/wp\/v2\/types\/post"}],"author":[{"embeddable":true,"href":"https:\/\/tvbrazilusa.com\/pt\/wp-json\/wp\/v2\/users\/1"}],"replies":[{"embeddable":true,"href":"https:\/\/tvbrazilusa.com\/pt\/wp-json\/wp\/v2\/comments?post=108841"}],"version-history":[{"count":1,"href":"https:\/\/tvbrazilusa.com\/pt\/wp-json\/wp\/v2\/posts\/108841\/revisions"}],"predecessor-version":[{"id":108843,"href":"https:\/\/tvbrazilusa.com\/pt\/wp-json\/wp\/v2\/posts\/108841\/revisions\/108843"}],"wp:featuredmedia":[{"embeddable":true,"href":"https:\/\/tvbrazilusa.com\/pt\/wp-json\/wp\/v2\/media\/108842"}],"wp:attachment":[{"href":"https:\/\/tvbrazilusa.com\/pt\/wp-json\/wp\/v2\/media?parent=108841"}],"wp:term":[{"taxonomy":"category","embeddable":true,"href":"https:\/\/tvbrazilusa.com\/pt\/wp-json\/wp\/v2\/categories?post=108841"},{"taxonomy":"post_tag","embeddable":true,"href":"https:\/\/tvbrazilusa.com\/pt\/wp-json\/wp\/v2\/tags?post=108841"}],"curies":[{"name":"wp","href":"https:\/\/api.w.org\/{rel}","templated":true}]}}