{"id":108844,"date":"2025-03-06T19:12:23","date_gmt":"2025-03-06T19:12:23","guid":{"rendered":"https:\/\/tvbrazilusa.com\/2025\/03\/06\/centrao-perde-apetite-e-decide-pular-do-barco-do-governo-lula-veja-video\/"},"modified":"2025-03-06T19:12:24","modified_gmt":"2025-03-06T19:12:24","slug":"centrao-perde-apetite-e-decide-pular-do-barco-do-governo-lula-veja-video","status":"publish","type":"post","link":"https:\/\/tvbrazilusa.com\/pt\/2025\/03\/06\/centrao-perde-apetite-e-decide-pular-do-barco-do-governo-lula-veja-video\/","title":{"rendered":"Centr\u00e3o perde &#8216;apetite&#8217; e decide pular do barco do governo Lula; VEJA V\u00cdDEO"},"content":{"rendered":"<p> <script async src=\"https:\/\/pagead2.googlesyndication.com\/pagead\/js\/adsbygoogle.js?client=ca-pub-8864793242727901\"\r\n     crossorigin=\"anonymous\"><\/script><br \/>\n<\/p>\n<div id=\"taboola-read-more\" style=\"display:block; width:100%\">\n<p>O Centr\u00e3o, que historicamente atua conforme seus interesses pol\u00edticos, d\u00e1 sinais de afastamento do governo Lula. Com a redu\u00e7\u00e3o de incentivos e diverg\u00eancias estrat\u00e9gicas, a base aliada demonstra menor entusiasmo em manter o apoio.\n<\/p>\n<p>ASSISTA:<\/p>\n<p>Fonte: Redes Sociais              <\/p>\n<\/div>\n<p><br \/>\n<br \/><a href=\"https:\/\/diariodobrasilnoticias.com.br\/noticia\/centrao-perde-apetite-e-decide-pular-do-barco-do-governo-lula-veja-video-67c9d240160af\">Source link <\/a><\/p>","protected":false},"excerpt":{"rendered":"<p>O Centr\u00e3o, que historicamente atua conforme seus interesses pol\u00edticos, d\u00e1 sinais de afastamento do governo Lula. Com a redu\u00e7\u00e3o de incentivos e diverg\u00eancias estrat\u00e9gicas, a base aliada demonstra menor entusiasmo&hellip;<\/p>","protected":false},"author":1,"featured_media":108845,"comment_status":"closed","ping_status":"open","sticky":false,"template":"","format":"standard","meta":{"content-type":"","footnotes":""},"categories":[16],"tags":[123,2448,5313,1267],"class_list":["post-108844","post","type-post","status-publish","format-standard","has-post-thumbnail","hentry","category-noticias","tag-brasil","tag-diario","tag-noticia","tag-noticias"],"_links":{"self":[{"href":"https:\/\/tvbrazilusa.com\/pt\/wp-json\/wp\/v2\/posts\/108844","targetHints":{"allow":["GET"]}}],"collection":[{"href":"https:\/\/tvbrazilusa.com\/pt\/wp-json\/wp\/v2\/posts"}],"about":[{"href":"https:\/\/tvbrazilusa.com\/pt\/wp-json\/wp\/v2\/types\/post"}],"author":[{"embeddable":true,"href":"https:\/\/tvbrazilusa.com\/pt\/wp-json\/wp\/v2\/users\/1"}],"replies":[{"embeddable":true,"href":"https:\/\/tvbrazilusa.com\/pt\/wp-json\/wp\/v2\/comments?post=108844"}],"version-history":[{"count":1,"href":"https:\/\/tvbrazilusa.com\/pt\/wp-json\/wp\/v2\/posts\/108844\/revisions"}],"predecessor-version":[{"id":108846,"href":"https:\/\/tvbrazilusa.com\/pt\/wp-json\/wp\/v2\/posts\/108844\/revisions\/108846"}],"wp:featuredmedia":[{"embeddable":true,"href":"https:\/\/tvbrazilusa.com\/pt\/wp-json\/wp\/v2\/media\/108845"}],"wp:attachment":[{"href":"https:\/\/tvbrazilusa.com\/pt\/wp-json\/wp\/v2\/media?parent=108844"}],"wp:term":[{"taxonomy":"category","embeddable":true,"href":"https:\/\/tvbrazilusa.com\/pt\/wp-json\/wp\/v2\/categories?post=108844"},{"taxonomy":"post_tag","embeddable":true,"href":"https:\/\/tvbrazilusa.com\/pt\/wp-json\/wp\/v2\/tags?post=108844"}],"curies":[{"name":"wp","href":"https:\/\/api.w.org\/{rel}","templated":true}]}}