{"id":108847,"date":"2025-03-06T19:24:44","date_gmt":"2025-03-06T19:24:44","guid":{"rendered":"https:\/\/tvbrazilusa.com\/2025\/03\/06\/bancada-do-agro-propoe-20-medidas-para-reduzir-o-preco-dos-alimentos-no-brasil-saiba-quais\/"},"modified":"2025-03-06T19:24:45","modified_gmt":"2025-03-06T19:24:45","slug":"bancada-do-agro-propoe-20-medidas-para-reduzir-o-preco-dos-alimentos-no-brasil-saiba-quais","status":"publish","type":"post","link":"https:\/\/tvbrazilusa.com\/pt\/2025\/03\/06\/bancada-do-agro-propoe-20-medidas-para-reduzir-o-preco-dos-alimentos-no-brasil-saiba-quais\/","title":{"rendered":"Bancada do agro prop\u00f5e 20 medidas para reduzir o pre\u00e7o dos alimentos no Brasil; saiba quais"},"content":{"rendered":"<p> <script async src=\"https:\/\/pagead2.googlesyndication.com\/pagead\/js\/adsbygoogle.js?client=ca-pub-8864793242727901\"\r\n     crossorigin=\"anonymous\"><\/script><br \/>\n<\/p>\n<div id=\"taboola-read-more\" style=\"display:block; width:100%\">\n<p data-start=\"94\" data-end=\"503\">A Frente Parlamentar da Agropecu\u00e1ria (FPA), popularmente conhecida como bancada do agro, enviou um of\u00edcio aos ministros da Fazenda, Fernando Haddad, e da Casa Civil, Rui Costa, com um conjunto de 20 sugest\u00f5es para diminuir os pre\u00e7os dos alimentos no Brasil. As propostas foram elaboradas por entidades do setor que integram o Instituto Pensar Agro (IPA) e dividem-se em medidas de curto, m\u00e9dio e longo prazos.\n<\/p>\n<p data-start=\"505\" data-end=\"1105\">De acordo com o presidente da FPA, deputado federal Pedro Lupion (PP-PR), o setor agropecu\u00e1rio precisa de a\u00e7\u00f5es emergenciais, mas tamb\u00e9m de reformas estruturais que proporcionem previsibilidade e competitividade no futuro. \u201cApresentamos solu\u00e7\u00f5es imediatas para amenizar o sofrimento da popula\u00e7\u00e3o que se assusta cada dia mais com os pre\u00e7os dos alimentos e do produtor que est\u00e1 fazendo o imposs\u00edvel para produzir e pagar suas contas\u201d, afirmou Lupion. Ele tamb\u00e9m destacou a import\u00e2ncia de ajustes na pol\u00edtica fiscal, investimentos em infraestrutura e log\u00edstica, e amplia\u00e7\u00e3o do cr\u00e9dito ao produtor rural.<\/p>\n<p data-start=\"1107\" data-end=\"1498\">Entre as 20 propostas, nove s\u00e3o de curto prazo e 11 de m\u00e9dio e longo prazos. As medidas incluem a revis\u00e3o da tributa\u00e7\u00e3o sobre fertilizantes e defensivos agr\u00edcolas, a redu\u00e7\u00e3o tempor\u00e1ria do PIS\/Cofins sobre insumos essenciais como trigo e \u00f3leo vegetal, e a revis\u00e3o do Adicional de Frete para Renova\u00e7\u00e3o da Marinha Mercante (AFRMM) para reduzir os custos de transporte de insumos agropecu\u00e1rios.\n<\/p>\n<p data-start=\"1500\" data-end=\"1954\">Outras sugest\u00f5es incluem a amplia\u00e7\u00e3o do uso do Portal \u00danico de Com\u00e9rcio Exterior (Siscomex), a facilita\u00e7\u00e3o do acesso ao cr\u00e9dito rural, e a amplia\u00e7\u00e3o da malha ferrovi\u00e1ria e hidrovi\u00e1ria para reduzir custos log\u00edsticos. Al\u00e9m disso, a bancada do agro defende um aumento na capacidade de armazenagem e uma s\u00e9rie de medidas para reduzir o desperd\u00edcio de alimentos, como a reavalia\u00e7\u00e3o das normas de validade e incentivo a programas de aproveitamento de produtos.\n<\/p>\n<p data-start=\"1956\" data-end=\"2129\">\u201c\u00c9 claro que precisamos reestruturar nossa estrat\u00e9gia econ\u00f4mica e evitar distor\u00e7\u00f5es de mercado que possam comprometer a competitividade do agro brasileiro\u201d, destacou Lupion.\n<\/p>\n<h3>Propostas da Bancada<\/h3>\n<p><strong>Tributa\u00e7\u00e3o e Custos de Insumos:<\/strong>\n<\/p>\n<ol start=\"1\">\n<li>Revis\u00e3o da tributa\u00e7\u00e3o sobre fertilizantes e defensivos agr\u00edcolas.<\/li>\n<li>Inclus\u00e3o do \u00f3leo de soja na Lista de Exce\u00e7\u00f5es \u00e0 Tarifa Externa Comum (Letec).<\/li>\n<li>Redu\u00e7\u00e3o tempor\u00e1ria do PIS\/Cofins sobre insumos essenciais, como trigo e \u00f3leo vegetal, para baratear produtos como massas e p\u00e3es.<\/li>\n<li>Revis\u00e3o do Adicional de Frete para Renova\u00e7\u00e3o da Marinha Mercante (AFRMM) para reduzir custos no transporte de insumos agropecu\u00e1rios.<\/li>\n<\/ol>\n<p><strong>Acesso ao Cr\u00e9dito e Incentivos Financeiros:<\/strong>\n<\/p>\n<ol start=\"5\">\n<li>Redu\u00e7\u00e3o dos requisitos de garantia real para opera\u00e7\u00f5es de cr\u00e9dito.<\/li>\n<li>Facilita\u00e7\u00e3o do acesso ao cr\u00e9dito rural, eliminando barreiras regulat\u00f3rias e adequando normas ambientais.<\/li>\n<li>Amplia\u00e7\u00e3o da subven\u00e7\u00e3o ao seguro rural e do Proagro, oferecendo maior prote\u00e7\u00e3o financeira aos produtores contra perdas clim\u00e1ticas.<\/li>\n<\/ol>\n<p><strong>Log\u00edstica e Infraestrutura:<\/strong>\n<\/p>\n<ol start=\"8\">\n<li>Expans\u00e3o da malha ferrovi\u00e1ria e hidrovi\u00e1ria, diminuindo a depend\u00eancia do transporte rodovi\u00e1rio e reduzindo custos log\u00edsticos.<\/li>\n<li>Recupera\u00e7\u00e3o de rodovias estrat\u00e9gicas e estradas vicinais, melhorando o escoamento da produ\u00e7\u00e3o e reduzindo perdas log\u00edsticas.<\/li>\n<li>Financiamento de longo prazo para a Cadeia de Frio, reduzindo desperd\u00edcios e estabilizando os pre\u00e7os de alimentos perec\u00edveis.<\/li>\n<\/ol>\n<p><strong>Com\u00e9rcio e Processos Alfandeg\u00e1rios:<\/strong>\n<\/p>\n<ol start=\"11\">\n<li>Desburocratiza\u00e7\u00e3o alfandeg\u00e1ria, integrando processos alfandeg\u00e1rios e sanit\u00e1rios para agilizar a libera\u00e7\u00e3o de mercadorias.<\/li>\n<li>Amplia\u00e7\u00e3o do uso do Portal \u00danico de Com\u00e9rcio Exterior (Siscomex), padronizando os procedimentos entre MAPA e Receita Federal, para reduzir tempos de libera\u00e7\u00e3o de mercadorias.<\/li>\n<\/ol>\n<p><strong>Produ\u00e7\u00e3o e Sustentabilidade:<\/strong>\n<\/p>\n<ol start=\"13\">\n<li>Incentivo \u00e0 produ\u00e7\u00e3o nacional de fertilizantes e bioinsumos, reduzindo a depend\u00eancia de insumos importados e aumentando a competitividade do setor.<\/li>\n<li>Aumento da disponibilidade de farelo de milho e soja, para reduzir o custo da ra\u00e7\u00e3o animal, impactando positivamente a produ\u00e7\u00e3o de prote\u00ednas.<\/li>\n<\/ol>\n<p><strong>Redu\u00e7\u00e3o de Custos e Impacto ao Consumidor:<\/strong>\n<\/p>\n<ol start=\"15\">\n<li>Reavalia\u00e7\u00e3o de impostos sobre embalagens essenciais, diminuindo o impacto no pre\u00e7o dos alimentos processados.<\/li>\n<li>Aplica\u00e7\u00e3o de medidas antidumping apenas em casos comprovados de concorr\u00eancia desleal, evitando distor\u00e7\u00f5es na oferta e nos pre\u00e7os dos alimentos.<\/li>\n<\/ol>\n<p><strong>Programas e Medidas Sociais:<\/strong>\n<\/p>\n<ol start=\"17\">\n<li>Plano Safra sem contingenciamentos, garantindo previsibilidade or\u00e7ament\u00e1ria e melhores condi\u00e7\u00f5es de financiamento para os produtores.<\/li>\n<li>Redu\u00e7\u00e3o do desperd\u00edcio de alimentos, reavaliando normas de validade e incentivando programas de aproveitamento de produtos pr\u00f3prios para consumo.<\/li>\n<\/ol>\n<p><strong>Outras Propostas:<\/strong>\n<\/p>\n<ol start=\"19\">\n<li>Elimina\u00e7\u00e3o de barreiras regulat\u00f3rias desnecess\u00e1rias que dificultam a comercializa\u00e7\u00e3o de produtos agropecu\u00e1rios.<\/li>\n<li>Amplia\u00e7\u00e3o da capacidade de armazenagem, minimizando oscila\u00e7\u00f5es de pre\u00e7os e protegendo os produtores nos per\u00edodos de colheita.<\/li>\n<\/ol>\n<p>Fonte: Gazeta Brasil              <\/p>\n<\/div>\n<p><br \/>\n<br \/><a href=\"https:\/\/diariodobrasilnoticias.com.br\/noticia\/bancada-do-agro-propoe-20-medidas-para-reduzir-o-preco-dos-alimentos-no-brasil-saiba-quais-67c9d629b34c9\">Source link <\/a><\/p>","protected":false},"excerpt":{"rendered":"<p>A Frente Parlamentar da Agropecu\u00e1ria (FPA), popularmente conhecida como bancada do agro, enviou um of\u00edcio aos ministros da Fazenda, Fernando Haddad, e da Casa Civil, Rui Costa, com um conjunto&hellip;<\/p>","protected":false},"author":1,"featured_media":108848,"comment_status":"closed","ping_status":"open","sticky":false,"template":"","format":"standard","meta":{"content-type":"","footnotes":""},"categories":[16],"tags":[123,2448,5313,1267],"class_list":["post-108847","post","type-post","status-publish","format-standard","has-post-thumbnail","hentry","category-noticias","tag-brasil","tag-diario","tag-noticia","tag-noticias"],"_links":{"self":[{"href":"https:\/\/tvbrazilusa.com\/pt\/wp-json\/wp\/v2\/posts\/108847","targetHints":{"allow":["GET"]}}],"collection":[{"href":"https:\/\/tvbrazilusa.com\/pt\/wp-json\/wp\/v2\/posts"}],"about":[{"href":"https:\/\/tvbrazilusa.com\/pt\/wp-json\/wp\/v2\/types\/post"}],"author":[{"embeddable":true,"href":"https:\/\/tvbrazilusa.com\/pt\/wp-json\/wp\/v2\/users\/1"}],"replies":[{"embeddable":true,"href":"https:\/\/tvbrazilusa.com\/pt\/wp-json\/wp\/v2\/comments?post=108847"}],"version-history":[{"count":1,"href":"https:\/\/tvbrazilusa.com\/pt\/wp-json\/wp\/v2\/posts\/108847\/revisions"}],"predecessor-version":[{"id":108849,"href":"https:\/\/tvbrazilusa.com\/pt\/wp-json\/wp\/v2\/posts\/108847\/revisions\/108849"}],"wp:featuredmedia":[{"embeddable":true,"href":"https:\/\/tvbrazilusa.com\/pt\/wp-json\/wp\/v2\/media\/108848"}],"wp:attachment":[{"href":"https:\/\/tvbrazilusa.com\/pt\/wp-json\/wp\/v2\/media?parent=108847"}],"wp:term":[{"taxonomy":"category","embeddable":true,"href":"https:\/\/tvbrazilusa.com\/pt\/wp-json\/wp\/v2\/categories?post=108847"},{"taxonomy":"post_tag","embeddable":true,"href":"https:\/\/tvbrazilusa.com\/pt\/wp-json\/wp\/v2\/tags?post=108847"}],"curies":[{"name":"wp","href":"https:\/\/api.w.org\/{rel}","templated":true}]}}