{"id":108853,"date":"2025-03-06T19:50:13","date_gmt":"2025-03-06T19:50:13","guid":{"rendered":"https:\/\/tvbrazilusa.com\/2025\/03\/06\/presa-por-morder-pessoas-na-sapucai-diz-que-foi-vitima-de-acao-truculenta\/"},"modified":"2025-03-06T19:50:14","modified_gmt":"2025-03-06T19:50:14","slug":"presa-por-morder-pessoas-na-sapucai-diz-que-foi-vitima-de-acao-truculenta","status":"publish","type":"post","link":"https:\/\/tvbrazilusa.com\/pt\/2025\/03\/06\/presa-por-morder-pessoas-na-sapucai-diz-que-foi-vitima-de-acao-truculenta\/","title":{"rendered":"Presa por morder pessoas na Sapuca\u00ed diz que foi v\u00edtima de &#8216;a\u00e7\u00e3o truculenta&#8217;"},"content":{"rendered":"<p> <script async src=\"https:\/\/pagead2.googlesyndication.com\/pagead\/js\/adsbygoogle.js?client=ca-pub-8864793242727901\"\r\n     crossorigin=\"anonymous\"><\/script><br \/>\n<\/p>\n<div id=\"taboola-read-more\" style=\"display:block; width:100%\">\n<p>A defesa de Danielle Buenaga, que foi presa por guardas municipais ap\u00f3s morder pessoas em um camarote da Sapuca\u00ed, no Rio de Janeiro, alega que a mulher foi v\u00edtima de uma abordagem \u201ctruculenta\u201d dos agentes e negou que a cliente tenha cometido os crimes atribu\u00eddos a ela.\n<\/p>\n<p>\u201cJ\u00e1 apuramos que o imbr\u00f3glio ocorreu quando da tentativa de reentrada ao camarote, onde o sistema de bilhetagem apresentou erro sist\u00eamico, n\u00e3o sendo poss\u00edvel realizar o reconhecimento facial anteriormente cadastrado negando o acesso, mesmo estando com camisa oficial\u201d, diz a nota, assinada pelo advogado Carlos Andr\u00e9 Franco Viana.<\/p>\n<p>A defesa acrescenta que, \u201cdiante da reiterada negativa de acesso, uma equipe da guarda municipal que passava pelo local, inv\u00e9s de [sic] dirimir o impasse, agiu de forma extremamente arbitr\u00e1ria, decidindo retir\u00e1-la do local sem qualquer justo motivo\u201d, disse a defesa.\n<\/p>\n<p>O advogado acrescenta que os guardas teriam aplicado um mata-le\u00e3o em Danielle, \u201cal\u00e9m do uso indiscriminado de algemas\u201d. \u201cNos chama aten\u00e7\u00e3o o fato de a respectiva guarni\u00e7\u00e3o ser do Grupamento Maria da Penha, cuja fun\u00e7\u00e3o prec\u00edpua \u00e9 acolher a mulher v\u00edtima de viol\u00eancia e n\u00e3o revitim\u00e1-la.\u201d\n<\/p>\n<p>Ainda conforme a defesa, os agentes que participaram da abordagem n\u00e3o usavam c\u00e2meras corporais.\n<\/p>\n<p>Por fim, a defesa diz que \u201cn\u00e3o houve a identifica\u00e7\u00e3o de supostas v\u00edtimas\u201d, como \u201cclientes do citado camarote que teriam sido mordidos pela acusada\u201d. \u201cConclui-se que houve a cria\u00e7\u00e3o de um factoide para esconder as diversas ilegalidades perpetradas a uma mulher v\u00edtima de viol\u00eancia sem que houvesse o devido acolhimento institucional, tanto \u00e9 que ap\u00f3s submiss\u00e3o dos fatos \u00e0 ju\u00edza plantonista, a acusada foi posta, imediatamente, em liberdade.\n<\/p>\n<p>A CNN procurou a Prefeitura do Rio para obter um posicionamento sobre as acusa\u00e7\u00f5es feitas pelo advogado contra os agentes da guarda, mas ainda n\u00e3o recebeu retorno.\n<\/p>\n<p>Fonte: CNN Brasil              <\/p>\n<\/div>\n<p><br \/>\n<br \/><a href=\"https:\/\/diariodobrasilnoticias.com.br\/noticia\/presa-por-morder-pessoas-na-sapucai-diz-que-foi-vitima-de-acao-truculenta-67c9e8c82493d\">Source link <\/a><\/p>","protected":false},"excerpt":{"rendered":"<p>A defesa de Danielle Buenaga, que foi presa por guardas municipais ap\u00f3s morder pessoas em um camarote da Sapuca\u00ed, no Rio de Janeiro, alega que a mulher foi v\u00edtima de&hellip;<\/p>","protected":false},"author":1,"featured_media":108854,"comment_status":"closed","ping_status":"open","sticky":false,"template":"","format":"standard","meta":{"content-type":"","footnotes":""},"categories":[16],"tags":[123,2448,5313,1267],"class_list":["post-108853","post","type-post","status-publish","format-standard","has-post-thumbnail","hentry","category-noticias","tag-brasil","tag-diario","tag-noticia","tag-noticias"],"_links":{"self":[{"href":"https:\/\/tvbrazilusa.com\/pt\/wp-json\/wp\/v2\/posts\/108853","targetHints":{"allow":["GET"]}}],"collection":[{"href":"https:\/\/tvbrazilusa.com\/pt\/wp-json\/wp\/v2\/posts"}],"about":[{"href":"https:\/\/tvbrazilusa.com\/pt\/wp-json\/wp\/v2\/types\/post"}],"author":[{"embeddable":true,"href":"https:\/\/tvbrazilusa.com\/pt\/wp-json\/wp\/v2\/users\/1"}],"replies":[{"embeddable":true,"href":"https:\/\/tvbrazilusa.com\/pt\/wp-json\/wp\/v2\/comments?post=108853"}],"version-history":[{"count":1,"href":"https:\/\/tvbrazilusa.com\/pt\/wp-json\/wp\/v2\/posts\/108853\/revisions"}],"predecessor-version":[{"id":108855,"href":"https:\/\/tvbrazilusa.com\/pt\/wp-json\/wp\/v2\/posts\/108853\/revisions\/108855"}],"wp:featuredmedia":[{"embeddable":true,"href":"https:\/\/tvbrazilusa.com\/pt\/wp-json\/wp\/v2\/media\/108854"}],"wp:attachment":[{"href":"https:\/\/tvbrazilusa.com\/pt\/wp-json\/wp\/v2\/media?parent=108853"}],"wp:term":[{"taxonomy":"category","embeddable":true,"href":"https:\/\/tvbrazilusa.com\/pt\/wp-json\/wp\/v2\/categories?post=108853"},{"taxonomy":"post_tag","embeddable":true,"href":"https:\/\/tvbrazilusa.com\/pt\/wp-json\/wp\/v2\/tags?post=108853"}],"curies":[{"name":"wp","href":"https:\/\/api.w.org\/{rel}","templated":true}]}}