{"id":108856,"date":"2025-03-06T20:02:41","date_gmt":"2025-03-06T20:02:41","guid":{"rendered":"https:\/\/tvbrazilusa.com\/2025\/03\/06\/ciro-gomes-foi-inscrito-no-serasa-por-nao-pagar-divida-com-advogados\/"},"modified":"2025-03-06T20:02:43","modified_gmt":"2025-03-06T20:02:43","slug":"ciro-gomes-foi-inscrito-no-serasa-por-nao-pagar-divida-com-advogados","status":"publish","type":"post","link":"https:\/\/tvbrazilusa.com\/pt\/2025\/03\/06\/ciro-gomes-foi-inscrito-no-serasa-por-nao-pagar-divida-com-advogados\/","title":{"rendered":"Ciro Gomes foi inscrito no Serasa por n\u00e3o pagar d\u00edvida com advogados"},"content":{"rendered":"<p> <script async src=\"https:\/\/pagead2.googlesyndication.com\/pagead\/js\/adsbygoogle.js?client=ca-pub-8864793242727901\"\r\n     crossorigin=\"anonymous\"><\/script><br \/>\n<\/p>\n<div id=\"taboola-read-more\" style=\"display:block; width:100%\">\n<p>O ex-presidenci\u00e1vel Ciro Gomes (PDT) foi inclu\u00eddo na \u00faltima sexta-feira (28) no cadastro de inadimplentes da Serasa Experian, conforme informado pela empresa \u00e0 10\u00aa Vara C\u00edvel de Porto Alegre (RS).\n<\/p>\n<p>O motivo \u00e9 uma d\u00edvida de no valor de R$ 1.783,56, referentes a custas advocat\u00edcias de um processo que ele perdeu em 2023 contra o jornalista e influenciador Felippe Hermes.<\/p>\n<p>A a\u00e7\u00e3o de Ciro pedia a exclus\u00e3o de um post do Facebook de uma p\u00e1gina mantida por Hermes, bem como indeniza\u00e7\u00e3o por danos morais, em raz\u00e3o de cr\u00edtica a uma proposta dele sobre a Petrobras. A p\u00e1gina dizia que a ideia de Ciro era &#8220;maluca&#8221; e poderia levar o pa\u00eds ao SPC, uma refer\u00eancia \u00e0 proposta do pedetista de limpar o nome de endividados.\n<\/p>\n<p>A decis\u00e3o judicial, de novembro de 2023, considerou que Ciro, &#8220;por ser um pol\u00edtico, est\u00e1 exposto a uma maior visibilidade, uma maior exposi\u00e7\u00e3o p\u00fablica, onde a cr\u00edtica como opini\u00e3o nem sempre fere a imagem e a intimidade, porque h\u00e1 disputas de car\u00e1ter ideol\u00f3gico, devendo-se ter maior toler\u00e2ncia com certas manifesta\u00e7\u00f5es, pr\u00f3prias do jogo pol\u00edtico&#8221;.\n<\/p>\n<p>O ex-ministro foi condenado a pagar as custas processuais, o que n\u00e3o fez, levando \u00e0 sua inclus\u00e3o no cadastro da Serasa. Ironicamente, tirar os brasileiros do SPC (Servi\u00e7o de Prote\u00e7\u00e3o ao Cr\u00e9dito) foi uma das bandeiras de suas duas \u00faltimas campanhas presidenciais.\n<\/p>\n<p>Procurado por meio de sua assessoria, Ciro n\u00e3o se manifestou at\u00e9 a publica\u00e7\u00e3o deste texto.\n<\/p>\n<p>Fonte: Folha de S.Paulo              <\/p>\n<\/div>\n<p><br \/>\n<br \/><a href=\"https:\/\/diariodobrasilnoticias.com.br\/noticia\/ciro-gomes-foi-inscrito-no-serasa-por-nao-pagar-divida-com-advogados-67c9e93c428b4\">Source link <\/a><\/p>","protected":false},"excerpt":{"rendered":"<p>O ex-presidenci\u00e1vel Ciro Gomes (PDT) foi inclu\u00eddo na \u00faltima sexta-feira (28) no cadastro de inadimplentes da Serasa Experian, conforme informado pela empresa \u00e0 10\u00aa Vara C\u00edvel de Porto Alegre (RS).&hellip;<\/p>","protected":false},"author":1,"featured_media":108857,"comment_status":"closed","ping_status":"open","sticky":false,"template":"","format":"standard","meta":{"content-type":"","footnotes":""},"categories":[16],"tags":[123,2448,5313,1267],"class_list":["post-108856","post","type-post","status-publish","format-standard","has-post-thumbnail","hentry","category-noticias","tag-brasil","tag-diario","tag-noticia","tag-noticias"],"_links":{"self":[{"href":"https:\/\/tvbrazilusa.com\/pt\/wp-json\/wp\/v2\/posts\/108856","targetHints":{"allow":["GET"]}}],"collection":[{"href":"https:\/\/tvbrazilusa.com\/pt\/wp-json\/wp\/v2\/posts"}],"about":[{"href":"https:\/\/tvbrazilusa.com\/pt\/wp-json\/wp\/v2\/types\/post"}],"author":[{"embeddable":true,"href":"https:\/\/tvbrazilusa.com\/pt\/wp-json\/wp\/v2\/users\/1"}],"replies":[{"embeddable":true,"href":"https:\/\/tvbrazilusa.com\/pt\/wp-json\/wp\/v2\/comments?post=108856"}],"version-history":[{"count":1,"href":"https:\/\/tvbrazilusa.com\/pt\/wp-json\/wp\/v2\/posts\/108856\/revisions"}],"predecessor-version":[{"id":108858,"href":"https:\/\/tvbrazilusa.com\/pt\/wp-json\/wp\/v2\/posts\/108856\/revisions\/108858"}],"wp:featuredmedia":[{"embeddable":true,"href":"https:\/\/tvbrazilusa.com\/pt\/wp-json\/wp\/v2\/media\/108857"}],"wp:attachment":[{"href":"https:\/\/tvbrazilusa.com\/pt\/wp-json\/wp\/v2\/media?parent=108856"}],"wp:term":[{"taxonomy":"category","embeddable":true,"href":"https:\/\/tvbrazilusa.com\/pt\/wp-json\/wp\/v2\/categories?post=108856"},{"taxonomy":"post_tag","embeddable":true,"href":"https:\/\/tvbrazilusa.com\/pt\/wp-json\/wp\/v2\/tags?post=108856"}],"curies":[{"name":"wp","href":"https:\/\/api.w.org\/{rel}","templated":true}]}}