{"id":108859,"date":"2025-03-06T20:16:26","date_gmt":"2025-03-06T20:16:26","guid":{"rendered":"https:\/\/tvbrazilusa.com\/2025\/03\/06\/tecnica-de-enfermagem-e-flagrada-quebrando-o-braco-de-menina-de-10-anos-veja-video\/"},"modified":"2025-03-06T20:16:27","modified_gmt":"2025-03-06T20:16:27","slug":"tecnica-de-enfermagem-e-flagrada-quebrando-o-braco-de-menina-de-10-anos-veja-video","status":"publish","type":"post","link":"https:\/\/tvbrazilusa.com\/pt\/2025\/03\/06\/tecnica-de-enfermagem-e-flagrada-quebrando-o-braco-de-menina-de-10-anos-veja-video\/","title":{"rendered":"T\u00e9cnica de enfermagem \u00e9 flagrada quebrando o bra\u00e7o de menina de 10 anos; VEJA V\u00cdDEO"},"content":{"rendered":"<p> <script async src=\"https:\/\/pagead2.googlesyndication.com\/pagead\/js\/adsbygoogle.js?client=ca-pub-8864793242727901\"\r\n     crossorigin=\"anonymous\"><\/script><br \/>\n<\/p>\n<div id=\"taboola-read-more\" style=\"display:block; width:100%\">\n<p>A menina de 10 anos que teve o bra\u00e7o quebrado pela te\u0301cnica de enfermagem durante home care tem Si\u0301ndrome de Moebius e autismo.\n<\/p>\n<p>Na manha\u0303 do u\u0301ltimo sa\u0301bado, a crianc\u0327a foi levada ao hospital com inchac\u0327o no brac\u0327o direito. Os me\u0301dicos confirmaram fratura. Durante os exames, identificaram tambe\u0301m uma fratura antiga no pulso esquerdo. A ma\u0303e, que ja\u0301 estava desconfiada da profissional, tinha instalado ca\u0302meras de seguranc\u0327a em casa. Ao revisar as imagens, foi possi\u0301vel ver a te\u0301cnica de enfermagem agredindo a menina em diferentes momentos.<\/p>\n<p>Apo\u0301s o planta\u0303o, a profissional desapareceu e na\u0303o foi mais localizada. A crianc\u0327a recebeu alta apo\u0301s passar o fim de semana internada e vai continuar o tratamento em casa. O caso foi registrado como lesa\u0303o corporal na 12\u00aa Delegacia de Poli\u0301cia. A Poli\u0301cia Civil do DF apura os fatos.\n<\/p>\n<p><strong>ASSISTA:<\/strong>\n<\/p>\n<p>Fonte: @silvyealves \/ Instagram              <\/p>\n<\/div>\n<p><br \/>\n<br \/><a href=\"https:\/\/diariodobrasilnoticias.com.br\/noticia\/tecnica-de-enfermagem-e-flagrada-quebrando-o-braco-de-menina-de-10-anos-veja-video-67c9eb6900bd7\">Source link <\/a><\/p>","protected":false},"excerpt":{"rendered":"<p>A menina de 10 anos que teve o bra\u00e7o quebrado pela te\u0301cnica de enfermagem durante home care tem Si\u0301ndrome de Moebius e autismo. Na manha\u0303 do u\u0301ltimo sa\u0301bado, a crianc\u0327a&hellip;<\/p>","protected":false},"author":1,"featured_media":108860,"comment_status":"closed","ping_status":"open","sticky":false,"template":"","format":"standard","meta":{"content-type":"","footnotes":""},"categories":[16],"tags":[123,2448,5313,1267],"class_list":["post-108859","post","type-post","status-publish","format-standard","has-post-thumbnail","hentry","category-noticias","tag-brasil","tag-diario","tag-noticia","tag-noticias"],"_links":{"self":[{"href":"https:\/\/tvbrazilusa.com\/pt\/wp-json\/wp\/v2\/posts\/108859","targetHints":{"allow":["GET"]}}],"collection":[{"href":"https:\/\/tvbrazilusa.com\/pt\/wp-json\/wp\/v2\/posts"}],"about":[{"href":"https:\/\/tvbrazilusa.com\/pt\/wp-json\/wp\/v2\/types\/post"}],"author":[{"embeddable":true,"href":"https:\/\/tvbrazilusa.com\/pt\/wp-json\/wp\/v2\/users\/1"}],"replies":[{"embeddable":true,"href":"https:\/\/tvbrazilusa.com\/pt\/wp-json\/wp\/v2\/comments?post=108859"}],"version-history":[{"count":1,"href":"https:\/\/tvbrazilusa.com\/pt\/wp-json\/wp\/v2\/posts\/108859\/revisions"}],"predecessor-version":[{"id":108861,"href":"https:\/\/tvbrazilusa.com\/pt\/wp-json\/wp\/v2\/posts\/108859\/revisions\/108861"}],"wp:featuredmedia":[{"embeddable":true,"href":"https:\/\/tvbrazilusa.com\/pt\/wp-json\/wp\/v2\/media\/108860"}],"wp:attachment":[{"href":"https:\/\/tvbrazilusa.com\/pt\/wp-json\/wp\/v2\/media?parent=108859"}],"wp:term":[{"taxonomy":"category","embeddable":true,"href":"https:\/\/tvbrazilusa.com\/pt\/wp-json\/wp\/v2\/categories?post=108859"},{"taxonomy":"post_tag","embeddable":true,"href":"https:\/\/tvbrazilusa.com\/pt\/wp-json\/wp\/v2\/tags?post=108859"}],"curies":[{"name":"wp","href":"https:\/\/api.w.org\/{rel}","templated":true}]}}