{"id":108865,"date":"2025-03-06T20:28:53","date_gmt":"2025-03-06T20:28:53","guid":{"rendered":"https:\/\/tvbrazilusa.com\/2025\/03\/06\/esqueceram-o-que-aconteceu-com-napoleao-diz-putin-apos-fala-de-macron\/"},"modified":"2025-03-06T20:28:54","modified_gmt":"2025-03-06T20:28:54","slug":"esqueceram-o-que-aconteceu-com-napoleao-diz-putin-apos-fala-de-macron","status":"publish","type":"post","link":"https:\/\/tvbrazilusa.com\/pt\/2025\/03\/06\/esqueceram-o-que-aconteceu-com-napoleao-diz-putin-apos-fala-de-macron\/","title":{"rendered":"&#8216;Esqueceram o que aconteceu com Napole\u00e3o&#8217;, diz Putin ap\u00f3s fala de Macron"},"content":{"rendered":"<p> <script async src=\"https:\/\/pagead2.googlesyndication.com\/pagead\/js\/adsbygoogle.js?client=ca-pub-8864793242727901\"\r\n     crossorigin=\"anonymous\"><\/script><br \/>\n<\/p>\n<div id=\"taboola-read-more\" style=\"display:block; width:100%\">\n<p>O presidente russo Vladimir Putin, em declara\u00e7\u00e3o um dia ap\u00f3s o presidente franc\u00eas, Emmanuel Macron, ter chamado a R\u00fassia de amea\u00e7a \u00e0 Europa e levantado a ideia de colocar outros pa\u00edses europeus sob o guarda-chuva nuclear da Fran\u00e7a, disse nesta quinta-feira (6) que \u201calgumas pessoas se esqueceram do que aconteceu com Napole\u00e3o\u201d.\n<\/p>\n<p>Putin estava se referindo ao imperador franc\u00eas que marchou com seu ex\u00e9rcito pela R\u00fassia e entrou em Moscou em 1812, mas foi for\u00e7ado a uma retirada desesperada de inverno com perda massiva de vidas.<\/p>\n<p>\u201cAinda h\u00e1 pessoas que querem voltar aos tempos de Napole\u00e3o, esquecendo como tudo terminou\u201d, expressou o l\u00edder do Kremlin em coment\u00e1rios televisionados, sem mencionar Macron pelo nome.\n<\/p>\n<p>Em discurso \u00e0 na\u00e7\u00e3o na quarta-feira (5), Macron afirmou que a R\u00fassia era uma amea\u00e7a \u00e0 Europa, Paris poderia discutir a extens\u00e3o de seu guarda-chuva nuclear a aliados e que ele realizaria uma reuni\u00e3o de chefes do ex\u00e9rcito de pa\u00edses europeus dispostos a enviar tropas de manuten\u00e7\u00e3o da paz para a Ucr\u00e2nia ap\u00f3s um acordo de paz.\n<\/p>\n<p>Mais cedo nesta quinta-feira, o ministro das Rela\u00e7\u00f5es Exteriores russo, Sergei Lavrov, informou que a ret\u00f3rica nuclear do presidente franc\u00eas representava uma amea\u00e7a \u00e0 R\u00fassia.\n<\/p>\n<p>O Kremlin tamb\u00e9m descartou as propostas europeias de enviar for\u00e7as de paz para a Ucr\u00e2nia.\n<\/p>\n<p>Para Moscou, o discurso foi extremamente confrontacional e ficou claro que Macron quer que a guerra na Ucr\u00e2nia continue, enquanto o ministro das Rela\u00e7\u00f5es Exteriores do presidente Vladimir Putin pontuou que o discurso representava uma amea\u00e7a contra os russos.\n<\/p>\n<p>Fonte: CNN Brasil              <\/p>\n<\/div>\n<p><br \/>\n<br \/><a href=\"https:\/\/diariodobrasilnoticias.com.br\/noticia\/-esqueceram-o-que-aconteceu-com-napoleao-diz-putin-apos-fala-de-macron-67c9ea05215fb\">Source link <\/a><\/p>","protected":false},"excerpt":{"rendered":"<p>O presidente russo Vladimir Putin, em declara\u00e7\u00e3o um dia ap\u00f3s o presidente franc\u00eas, Emmanuel Macron, ter chamado a R\u00fassia de amea\u00e7a \u00e0 Europa e levantado a ideia de colocar outros&hellip;<\/p>","protected":false},"author":1,"featured_media":108866,"comment_status":"closed","ping_status":"open","sticky":false,"template":"","format":"standard","meta":{"content-type":"","footnotes":""},"categories":[16],"tags":[123,2448,5313,1267],"class_list":["post-108865","post","type-post","status-publish","format-standard","has-post-thumbnail","hentry","category-noticias","tag-brasil","tag-diario","tag-noticia","tag-noticias"],"_links":{"self":[{"href":"https:\/\/tvbrazilusa.com\/pt\/wp-json\/wp\/v2\/posts\/108865","targetHints":{"allow":["GET"]}}],"collection":[{"href":"https:\/\/tvbrazilusa.com\/pt\/wp-json\/wp\/v2\/posts"}],"about":[{"href":"https:\/\/tvbrazilusa.com\/pt\/wp-json\/wp\/v2\/types\/post"}],"author":[{"embeddable":true,"href":"https:\/\/tvbrazilusa.com\/pt\/wp-json\/wp\/v2\/users\/1"}],"replies":[{"embeddable":true,"href":"https:\/\/tvbrazilusa.com\/pt\/wp-json\/wp\/v2\/comments?post=108865"}],"version-history":[{"count":1,"href":"https:\/\/tvbrazilusa.com\/pt\/wp-json\/wp\/v2\/posts\/108865\/revisions"}],"predecessor-version":[{"id":108867,"href":"https:\/\/tvbrazilusa.com\/pt\/wp-json\/wp\/v2\/posts\/108865\/revisions\/108867"}],"wp:featuredmedia":[{"embeddable":true,"href":"https:\/\/tvbrazilusa.com\/pt\/wp-json\/wp\/v2\/media\/108866"}],"wp:attachment":[{"href":"https:\/\/tvbrazilusa.com\/pt\/wp-json\/wp\/v2\/media?parent=108865"}],"wp:term":[{"taxonomy":"category","embeddable":true,"href":"https:\/\/tvbrazilusa.com\/pt\/wp-json\/wp\/v2\/categories?post=108865"},{"taxonomy":"post_tag","embeddable":true,"href":"https:\/\/tvbrazilusa.com\/pt\/wp-json\/wp\/v2\/tags?post=108865"}],"curies":[{"name":"wp","href":"https:\/\/api.w.org\/{rel}","templated":true}]}}