{"id":108886,"date":"2025-03-06T21:37:37","date_gmt":"2025-03-06T21:37:37","guid":{"rendered":"https:\/\/tvbrazilusa.com\/2025\/03\/06\/a-policia-federal-destroi-aeronaves-utilizadas-no-trafico-internacional-de-drogas\/"},"modified":"2025-03-06T21:37:39","modified_gmt":"2025-03-06T21:37:39","slug":"a-policia-federal-destroi-aeronaves-utilizadas-no-trafico-internacional-de-drogas","status":"publish","type":"post","link":"https:\/\/tvbrazilusa.com\/pt\/2025\/03\/06\/a-policia-federal-destroi-aeronaves-utilizadas-no-trafico-internacional-de-drogas\/","title":{"rendered":"A Pol\u00edcia Federal destr\u00f3i aeronaves utilizadas no tr\u00e1fico internacional de drogas"},"content":{"rendered":"<p> <script async src=\"https:\/\/pagead2.googlesyndication.com\/pagead\/js\/adsbygoogle.js?client=ca-pub-8864793242727901\"\r\n     crossorigin=\"anonymous\"><\/script><br \/>\n<\/p>\n<div id=\"taboola-read-more\" style=\"display:block; width:100%\">\n<p>Entre os dias 3 e 5, a For\u00e7a Integrada de Combate ao Crime Organizado da Pol\u00edcia Federal (Ficco) conduziu uma opera\u00e7\u00e3o contra o tr\u00e1fico de drogas no munic\u00edpio de Careiro, no Amazonas.\n<\/p>\n<p>A a\u00e7\u00e3o teve como objetivo desmantelar estruturas utilizadas no tr\u00e1fico internacional de entorpecentes, resultando na destrui\u00e7\u00e3o de dois helic\u00f3pteros e um avi\u00e3o monomotor de asa fixa, todos empregados no transporte il\u00edcito.<\/p>\n<p>Durante a opera\u00e7\u00e3o, os agentes tamb\u00e9m inutilizaram aproximadamente 4 mil litros de combust\u00edvel de avia\u00e7\u00e3o adquirido ilegalmente, prevenindo assim seu uso em atividades criminosas.\n<\/p>\n<p>Al\u00e9m disso, tr\u00eas pistas de pouso clandestinas foram identificadas e mapeadas, demonstrando a infraestrutura usada por traficantes para facilitar suas opera\u00e7\u00f5es.\n<\/p>\n<p><strong>Drogas origin\u00e1rias do Peru tamb\u00e9m foram encontradas em opera\u00e7\u00e3o contra o tr\u00e1fico<\/strong>\n<\/p>\n<p>Um dos pilotos dos helic\u00f3pteros foi preso em flagrante, capturado enquanto transportava 250 quilos de drogas origin\u00e1rias do Peru. Com ele, foram apreendidos um fuzil calibre 5.56 e uma pistola de uso restrito.\n<\/p>\n<p>O piloto foi autuado no local. Segundo a Pol\u00edcia Federal, o preso foi apresentado \u00e0 Justi\u00e7a Federal do Amazonas, que tomar\u00e1 as medidas cab\u00edveis.\n<\/p>\n<p>No Brasil, o tr\u00e1fico internacional de drogas \u00e9 punido com reclus\u00e3o de 5 a 15 anos e multa, conforme a Lei n\u00ba 11.343\/2006. A pena pode ser aumentada se o crime envolver organiza\u00e7\u00f5es criminosas, subst\u00e2ncias de alto potencial de dano ou meios de transporte como aeronaves e embarca\u00e7\u00f5es.\n<\/p>\n<p>A opera\u00e7\u00e3o contou com o apoio essencial da For\u00e7a A\u00e9rea Brasileira (FAB), do Batalh\u00e3o de Avia\u00e7\u00e3o do Ex\u00e9rcito (Bavex) e da equipe operacional da Companhia de Opera\u00e7\u00f5es Especiais (COE).\n<\/p>\n<p>Fonte: Revista Oeste              <\/p>\n<\/div>\n<p><br \/>\n<br \/><a href=\"https:\/\/diariodobrasilnoticias.com.br\/noticia\/a-policia-federal-destroi-aeronaves-utilizadas-no-trafico-internacional-de-drogas-67c9f3a14654c\">Source link <\/a><\/p>","protected":false},"excerpt":{"rendered":"<p>Entre os dias 3 e 5, a For\u00e7a Integrada de Combate ao Crime Organizado da Pol\u00edcia Federal (Ficco) conduziu uma opera\u00e7\u00e3o contra o tr\u00e1fico de drogas no munic\u00edpio de Careiro,&hellip;<\/p>","protected":false},"author":1,"featured_media":108887,"comment_status":"closed","ping_status":"open","sticky":false,"template":"","format":"standard","meta":{"content-type":"","footnotes":""},"categories":[16],"tags":[123,2448,5313,1267],"class_list":["post-108886","post","type-post","status-publish","format-standard","has-post-thumbnail","hentry","category-noticias","tag-brasil","tag-diario","tag-noticia","tag-noticias"],"_links":{"self":[{"href":"https:\/\/tvbrazilusa.com\/pt\/wp-json\/wp\/v2\/posts\/108886","targetHints":{"allow":["GET"]}}],"collection":[{"href":"https:\/\/tvbrazilusa.com\/pt\/wp-json\/wp\/v2\/posts"}],"about":[{"href":"https:\/\/tvbrazilusa.com\/pt\/wp-json\/wp\/v2\/types\/post"}],"author":[{"embeddable":true,"href":"https:\/\/tvbrazilusa.com\/pt\/wp-json\/wp\/v2\/users\/1"}],"replies":[{"embeddable":true,"href":"https:\/\/tvbrazilusa.com\/pt\/wp-json\/wp\/v2\/comments?post=108886"}],"version-history":[{"count":1,"href":"https:\/\/tvbrazilusa.com\/pt\/wp-json\/wp\/v2\/posts\/108886\/revisions"}],"predecessor-version":[{"id":108888,"href":"https:\/\/tvbrazilusa.com\/pt\/wp-json\/wp\/v2\/posts\/108886\/revisions\/108888"}],"wp:featuredmedia":[{"embeddable":true,"href":"https:\/\/tvbrazilusa.com\/pt\/wp-json\/wp\/v2\/media\/108887"}],"wp:attachment":[{"href":"https:\/\/tvbrazilusa.com\/pt\/wp-json\/wp\/v2\/media?parent=108886"}],"wp:term":[{"taxonomy":"category","embeddable":true,"href":"https:\/\/tvbrazilusa.com\/pt\/wp-json\/wp\/v2\/categories?post=108886"},{"taxonomy":"post_tag","embeddable":true,"href":"https:\/\/tvbrazilusa.com\/pt\/wp-json\/wp\/v2\/tags?post=108886"}],"curies":[{"name":"wp","href":"https:\/\/api.w.org\/{rel}","templated":true}]}}