{"id":108889,"date":"2025-03-06T21:52:08","date_gmt":"2025-03-06T21:52:08","guid":{"rendered":"https:\/\/tvbrazilusa.com\/2025\/03\/06\/feto-envolto-em-saco-plastico-e-abandonado-em-lixeira-e-alvo-de-investigacao-policial\/"},"modified":"2025-03-06T21:52:10","modified_gmt":"2025-03-06T21:52:10","slug":"feto-envolto-em-saco-plastico-e-abandonado-em-lixeira-e-alvo-de-investigacao-policial","status":"publish","type":"post","link":"https:\/\/tvbrazilusa.com\/pt\/2025\/03\/06\/feto-envolto-em-saco-plastico-e-abandonado-em-lixeira-e-alvo-de-investigacao-policial\/","title":{"rendered":"Feto envolto em saco pl\u00e1stico e abandonado em lixeira \u00e9 alvo de investiga\u00e7\u00e3o policial"},"content":{"rendered":"<p> <script async src=\"https:\/\/pagead2.googlesyndication.com\/pagead\/js\/adsbygoogle.js?client=ca-pub-8864793242727901\"\r\n     crossorigin=\"anonymous\"><\/script><br \/>\n<\/p>\n<div>\n<figure class=\"post-image\">\n<\/figure>\n<p>            <span style=\"font-size: 12px\">Reprodu\u00e7\u00e3o<\/span><\/p>\n<p>            <!-- end metas --><br \/>\n            <!-- ADS --><\/p>\n<div id=\"taboola-read-more\" style=\"display:block; width:100%\">\n<p>Equipes da Delegacia Especializada em Homic\u00eddios e Sequestros (DEHS), da Pol\u00edcia Civil do Amazonas (PCAM), investigam as circunst\u00e2ncias que envolvem a localiza\u00e7\u00e3o de um feto enrolado dentro de um saco pl\u00e1stico e jogado em uma lixeira, no bairro Campo Dourado, na Zona Norte de Manaus (AM).\n<\/p>\n<p>A pol\u00edcia foi acionada ap\u00f3s um catador de res\u00edduos abrir a sacola e encontrar o feto, nesta quinta-feira (6\/3). A den\u00fancia foi recebida por volta das 4h a uma equipe da Pol\u00edcia Militar do Amazonas (PMAM) que patrulhava a regi\u00e3o.<\/p>\n<p>Por temer que animais rasgassem a sacola e espalhassem o conte\u00fado dela, o catador decidiu lev\u00e1-la para uma \u00e1rea mais vis\u00edvel antes de acionar as autoridades.\n<\/p>\n<p>Policiais civis estiveram no local e iniciaram a investiga\u00e7\u00e3o. O delegado respons\u00e1vel pelo caso informou que o feto tinha aproximadamente 5 meses de gesta\u00e7\u00e3o e que s\u00f3 a an\u00e1lise do laudo de necropsia efetuado pelo Instituto M\u00e9dico Legal (IML) poder\u00e1 determinar com precis\u00e3o as causas da morte.\n<\/p>\n<p><strong>Caso semelhante<\/strong><br \/>Moradores da regi\u00e3o relataram que, algumas semanas antes, um caso semelhante foi registrado na cidade. O ocorrido tamb\u00e9m investigado, para identifica\u00e7\u00e3o dos respons\u00e1veis pelo descarte e de eventuais crimes envolvidos na a\u00e7\u00e3o.\n<\/p>\n<p>A Pol\u00edcia Civil pede que qualquer informa\u00e7\u00e3o capaz de ajudar na investiga\u00e7\u00f5es seja repassada \u00e0 corpora\u00e7\u00e3o por meio do Disque-Den\u00fancia, pelo telefone 197. N\u00e3o \u00e9 necess\u00e1rio se identificar\n<\/p>\n<p>Fonte: Metr\u00f3poles              <\/p>\n<\/div>\n<p>                        <!-- Scripts para conteudo --><\/p>\n<p>            <!-- .\/Scripts para conteudo --><br \/>\n            <!-- .\/Mat\u00e9ria --><\/p>\n<div class=\"row mt-3\">\n<div class=\"col-sm-6\">\n                <!-- Whatsapp channel 3--><br \/>\n                <a href=\"https:\/\/chat.whatsapp.com\/B8Qy6Erx4kb6yTzj3kaDco\" target=\"_blank\"><br \/>\n                  <img decoding=\"async\" src=\"https:\/\/diariodobrasilnoticias.com.br\/assets-site\/images\/bot_whatsapp.png\"\/><\/a>\n              <\/div>\n<div class=\"col-sm-6\">\n                <a href=\"https:\/\/t.me\/+_4gTmi5LKo03OTM5\" target=\"_blank\"><br \/>\n                  <img decoding=\"async\" src=\"https:\/\/diariodobrasilnoticias.com.br\/assets-site\/images\/bot_telegram.png\"\/><\/a>\n              <\/div>\n<\/p><\/div>\n<p>            <!-- end post-navigation --><\/p>\n<p>              <!-- end row --><\/p>\n<p>              <!-- end col-12-->\n                      <\/div>\n<p><br \/>\n<br \/><a href=\"https:\/\/diariodobrasilnoticias.com.br\/noticia\/feto-envolto-em-saco-plastico-e-abandonado-em-lixeira-e-alvo-de-investigacao-policial-67c9f4e80eb19\">Source link <\/a><\/p>","protected":false},"excerpt":{"rendered":"<p>Reprodu\u00e7\u00e3o Equipes da Delegacia Especializada em Homic\u00eddios e Sequestros (DEHS), da Pol\u00edcia Civil do Amazonas (PCAM), investigam as circunst\u00e2ncias que envolvem a localiza\u00e7\u00e3o de um feto enrolado dentro de um&hellip;<\/p>","protected":false},"author":1,"featured_media":108890,"comment_status":"closed","ping_status":"open","sticky":false,"template":"","format":"standard","meta":{"content-type":"","footnotes":""},"categories":[16],"tags":[123,2448,5313,1267],"class_list":["post-108889","post","type-post","status-publish","format-standard","has-post-thumbnail","hentry","category-noticias","tag-brasil","tag-diario","tag-noticia","tag-noticias"],"_links":{"self":[{"href":"https:\/\/tvbrazilusa.com\/pt\/wp-json\/wp\/v2\/posts\/108889","targetHints":{"allow":["GET"]}}],"collection":[{"href":"https:\/\/tvbrazilusa.com\/pt\/wp-json\/wp\/v2\/posts"}],"about":[{"href":"https:\/\/tvbrazilusa.com\/pt\/wp-json\/wp\/v2\/types\/post"}],"author":[{"embeddable":true,"href":"https:\/\/tvbrazilusa.com\/pt\/wp-json\/wp\/v2\/users\/1"}],"replies":[{"embeddable":true,"href":"https:\/\/tvbrazilusa.com\/pt\/wp-json\/wp\/v2\/comments?post=108889"}],"version-history":[{"count":1,"href":"https:\/\/tvbrazilusa.com\/pt\/wp-json\/wp\/v2\/posts\/108889\/revisions"}],"predecessor-version":[{"id":108891,"href":"https:\/\/tvbrazilusa.com\/pt\/wp-json\/wp\/v2\/posts\/108889\/revisions\/108891"}],"wp:featuredmedia":[{"embeddable":true,"href":"https:\/\/tvbrazilusa.com\/pt\/wp-json\/wp\/v2\/media\/108890"}],"wp:attachment":[{"href":"https:\/\/tvbrazilusa.com\/pt\/wp-json\/wp\/v2\/media?parent=108889"}],"wp:term":[{"taxonomy":"category","embeddable":true,"href":"https:\/\/tvbrazilusa.com\/pt\/wp-json\/wp\/v2\/categories?post=108889"},{"taxonomy":"post_tag","embeddable":true,"href":"https:\/\/tvbrazilusa.com\/pt\/wp-json\/wp\/v2\/tags?post=108889"}],"curies":[{"name":"wp","href":"https:\/\/api.w.org\/{rel}","templated":true}]}}