{"id":108895,"date":"2025-03-06T22:17:45","date_gmt":"2025-03-06T22:17:45","guid":{"rendered":"https:\/\/tvbrazilusa.com\/2025\/03\/06\/moraes-nega-novo-pedido-de-mais-prazo-de-defesa-para-braga-netto\/"},"modified":"2025-03-06T22:17:46","modified_gmt":"2025-03-06T22:17:46","slug":"moraes-nega-novo-pedido-de-mais-prazo-de-defesa-para-braga-netto","status":"publish","type":"post","link":"https:\/\/tvbrazilusa.com\/pt\/2025\/03\/06\/moraes-nega-novo-pedido-de-mais-prazo-de-defesa-para-braga-netto\/","title":{"rendered":"Moraes nega novo pedido de mais prazo de defesa para Braga Netto"},"content":{"rendered":"<p> <script async src=\"https:\/\/pagead2.googlesyndication.com\/pagead\/js\/adsbygoogle.js?client=ca-pub-8864793242727901\"\r\n     crossorigin=\"anonymous\"><\/script><br \/>\n<\/p>\n<div id=\"taboola-read-more\" style=\"display:block; width:100%\">\n<p>O ministro do Supremo Tribunal Federal (STF) Alexandre de Moraes negou nesta quinta-feira (6) um novo pedido da defesa do general Walter Braga Netto por mais prazo para apresentar defesa pr\u00e9via na den\u00fancia contra ele apresentada pela Procuradoria-Geral da Rep\u00fablica (PGR) por tentativa de suposto golpe de Estado. O prazo termina nesta sexta (7).\n<\/p>\n<p>Relator da a\u00e7\u00e3o na Corte, Moraes j\u00e1 havia negado o pedido anterior, e a defesa do militar recorreu nesta quarta (5). Na nova solicita\u00e7\u00e3o, a defesa de Braga Netto solicitou nova an\u00e1lise ou, ent\u00e3o, que um novo prazo seja julgado pela Primeira Turma do Supremo.<\/p>\n<p>O general Braga Netto \u00e9 um dos 34 denunciados pelo planejamento e tentativa de execu\u00e7\u00e3o de um suposto golpe de Estado, lista que inclui o ex-presidente Jair Bolsonaro (PL). Eles s\u00e3o acusados de crimes como aboli\u00e7\u00e3o violenta do Estado Democr\u00e1tico de Direito; organiza\u00e7\u00e3o criminosa armada e dano qualificado pela viol\u00eancia e grave amea\u00e7a contra o patrim\u00f4nio da Uni\u00e3o.\n<\/p>\n<p>Como se trata da defesa pr\u00e9via, a apresenta\u00e7\u00e3o nessa etapa do processo, em que a den\u00fancia ainda n\u00e3o foi aceita, n\u00e3o \u00e9 obrigat\u00f3ria. Ela funciona como uma tentativa de influenciar o STF a n\u00e3o aceitar a den\u00fancia da PGR. Caso os advogados do ex-ministro da Defesa n\u00e3o se manifestem dentro do prazo, ele fica sem defesa nessa etapa do processo.\n<\/p>\n<p>Os advogados de Braga Netto, Jos\u00e9 Luis Oliveira Lima e Rodrigo Dall\u2019Acqua, pediam o dobro dos 15 dias concedidos pelo STF. Entre os argumentos, a aus\u00eancia de tempo para examinar o grande volume de provas e documentos que serviram de base para a den\u00fancia.\n<\/p>\n<p>Eles tamb\u00e9m alegavam que Braga Netto teria o direito de apresentar sua defesa depois do tenente-coronel Mauro Cid, que firmou acordo de dela\u00e7\u00e3o premiada.\n<\/p>\n<p>\u2013 O agravo regimental n\u00e3o ter\u00e1 efeito suspensivo, de modo que o prazo para a Defesa de Walter Braga Netto apresentar a resposta, nos termos do art. 4\u00ba da Lei 8.038\/90, se encerrar\u00e1 amanh\u00e3, no dia 7\/3\/2025, \u00e0s 23h59min \u2013 escreveu Moraes.\n<\/p>\n<p>Ao negar a extens\u00e3o de prazo no pedido anterior, Moraes entendeu n\u00e3o haver previs\u00e3o legal para manifesta\u00e7\u00e3o ap\u00f3s o delator. A garantia dada pelo artigo 4 da Lei de Colabora\u00e7\u00e3o Premiada, que embasa o pedido, se aplicaria somente ap\u00f3s a aceita\u00e7\u00e3o ou n\u00e3o da den\u00fancia, quando seria aberta uma a\u00e7\u00e3o penal.\n<\/p>\n<p>A defesa do candidato a vice-presidente na chapa de Bolsonaro em 2022 diz n\u00e3o ter acesso integral \u00e0s provas, inclusive a processos indicados pela PGR na den\u00fancia e que ainda n\u00e3o teriam sido disponibilizados. Eles disseram que o material recebido teria mais de mil arquivos a menos que o entregue a outra defesa.\n<\/p>\n<p>O ministro Alexandre de Moraes negou que haja impedimento no acesso integral \u00e0s provas e afirmou que a defesa \u201cparece n\u00e3o ter consultado os autos\u201d.\n<\/p>\n<p>Fonte: Pleno News              <\/p>\n<\/div>\n<p><br \/>\n<br \/><a href=\"https:\/\/diariodobrasilnoticias.com.br\/noticia\/moraes-nega-novo-pedido-de-mais-prazo-de-defesa-para-braga-netto-67c9faf3d1b54\">Source link <\/a><\/p>","protected":false},"excerpt":{"rendered":"<p>O ministro do Supremo Tribunal Federal (STF) Alexandre de Moraes negou nesta quinta-feira (6) um novo pedido da defesa do general Walter Braga Netto por mais prazo para apresentar defesa&hellip;<\/p>","protected":false},"author":1,"featured_media":108896,"comment_status":"closed","ping_status":"open","sticky":false,"template":"","format":"standard","meta":{"content-type":"","footnotes":""},"categories":[16],"tags":[123,2448,5313,1267],"class_list":["post-108895","post","type-post","status-publish","format-standard","has-post-thumbnail","hentry","category-noticias","tag-brasil","tag-diario","tag-noticia","tag-noticias"],"_links":{"self":[{"href":"https:\/\/tvbrazilusa.com\/pt\/wp-json\/wp\/v2\/posts\/108895","targetHints":{"allow":["GET"]}}],"collection":[{"href":"https:\/\/tvbrazilusa.com\/pt\/wp-json\/wp\/v2\/posts"}],"about":[{"href":"https:\/\/tvbrazilusa.com\/pt\/wp-json\/wp\/v2\/types\/post"}],"author":[{"embeddable":true,"href":"https:\/\/tvbrazilusa.com\/pt\/wp-json\/wp\/v2\/users\/1"}],"replies":[{"embeddable":true,"href":"https:\/\/tvbrazilusa.com\/pt\/wp-json\/wp\/v2\/comments?post=108895"}],"version-history":[{"count":1,"href":"https:\/\/tvbrazilusa.com\/pt\/wp-json\/wp\/v2\/posts\/108895\/revisions"}],"predecessor-version":[{"id":108897,"href":"https:\/\/tvbrazilusa.com\/pt\/wp-json\/wp\/v2\/posts\/108895\/revisions\/108897"}],"wp:featuredmedia":[{"embeddable":true,"href":"https:\/\/tvbrazilusa.com\/pt\/wp-json\/wp\/v2\/media\/108896"}],"wp:attachment":[{"href":"https:\/\/tvbrazilusa.com\/pt\/wp-json\/wp\/v2\/media?parent=108895"}],"wp:term":[{"taxonomy":"category","embeddable":true,"href":"https:\/\/tvbrazilusa.com\/pt\/wp-json\/wp\/v2\/categories?post=108895"},{"taxonomy":"post_tag","embeddable":true,"href":"https:\/\/tvbrazilusa.com\/pt\/wp-json\/wp\/v2\/tags?post=108895"}],"curies":[{"name":"wp","href":"https:\/\/api.w.org\/{rel}","templated":true}]}}