{"id":108898,"date":"2025-03-06T22:34:37","date_gmt":"2025-03-06T22:34:37","guid":{"rendered":"https:\/\/tvbrazilusa.com\/2025\/03\/06\/manicure-ataca-cliente-com-bisturi-apos-discussao-em-salao-de-beleza\/"},"modified":"2025-03-06T22:34:38","modified_gmt":"2025-03-06T22:34:38","slug":"manicure-ataca-cliente-com-bisturi-apos-discussao-em-salao-de-beleza","status":"publish","type":"post","link":"https:\/\/tvbrazilusa.com\/pt\/2025\/03\/06\/manicure-ataca-cliente-com-bisturi-apos-discussao-em-salao-de-beleza\/","title":{"rendered":"Manicure ataca cliente com bisturi ap\u00f3s discuss\u00e3o em sal\u00e3o de beleza"},"content":{"rendered":"<p> <script async src=\"https:\/\/pagead2.googlesyndication.com\/pagead\/js\/adsbygoogle.js?client=ca-pub-8864793242727901\"\r\n     crossorigin=\"anonymous\"><\/script><br \/>\n<\/p>\n<div id=\"taboola-read-more\" style=\"display:block; width:100%\">\n<p>Uma manicure foi presa em Rio Verde (GO) ap\u00f3s atacar uma cliente com um bisturi durante uma discuss\u00e3o sobre um servi\u00e7o realizado em um sal\u00e3o de beleza. Segundo informa\u00e7\u00f5es da Pol\u00edcia Militar de Goi\u00e1s, o crime aconteceu na segunda-feira (3).\n<\/p>\n<p>A briga teve in\u00edcio no sal\u00e3o e continuou do lado de fora do estabelecimento. A profissional, que era terceirizada, foi presa e desligada, conforme nota divulgada pelo sal\u00e3o de beleza.<\/p>\n<p>Segundo o boletim de ocorr\u00eancia com a vers\u00e3o da cliente, a briga teria come\u00e7ado porque ela teria estragado as unhas, o que teria causado uma rea\u00e7\u00e3o da manicure. Ap\u00f3s o ataque, equipes do Servi\u00e7o de Intelig\u00eancia do 2\u00ba Batalh\u00e3o da Pol\u00edcia Militar, iniciaram dilig\u00eancias para localizar a respons\u00e1vel pelo crime.\n<\/p>\n<p>A autora foi identificada, localizada e presa. A mulher foi encaminhada \u00e0 delegacia para os devidos procedimentos legais, e a v\u00edtima recebeu atendimento m\u00e9dico e est\u00e1 fora de perigo.\n<\/p>\n<p><strong>Nota do sal\u00e3o<\/strong><br \/>A empresa afirmou que o incidente envolveu uma prestadora de servi\u00e7os tempor\u00e1ria e uma cliente. A discuss\u00e3o teria sido \u201cencerrada com o aux\u00edlio dos demais prestadores de servi\u00e7os\u201d no estabelecimento, mas as partes envolvidas continuaram o bate-boca na rua.\n<\/p>\n<p>O sal\u00e3o confirmou que o bisturi utilizado fazia parte do material de trabalho e que o ferimento na regi\u00e3o abdominal foi superficial. Outras funcion\u00e1rias acompanharam a cliente at\u00e9 o hospital e permaneceram com ela at\u00e9 a alta m\u00e9dica.\n<\/p>\n<p>\u201cCumpre informar que, embora o desentendimento tenha ocorrido fora do estabelecimento comercial, a prestadora de servi\u00e7os envolvida foi imediatamente afastada do sal\u00e3o, n\u00e3o mantendo mais qualquer v\u00ednculo com a empresa. Isso se deve ao fato de que sua conduta n\u00e3o se alinha aos princ\u00edpios que norteiam nossa empresa, que sempre tratou seus clientes com o m\u00e1ximo respeito e considera\u00e7\u00e3o\u201d, afirma o pronunciamento.\n<\/p>\n<p>Fonte: R7              <\/p>\n<\/div>\n<p><br \/>\n<br \/><a href=\"https:\/\/diariodobrasilnoticias.com.br\/noticia\/manicure-ataca-cliente-com-bisturi-apos-discussao-em-salao-de-beleza-67ca0e2bb0024\">Source link <\/a><\/p>","protected":false},"excerpt":{"rendered":"<p>Uma manicure foi presa em Rio Verde (GO) ap\u00f3s atacar uma cliente com um bisturi durante uma discuss\u00e3o sobre um servi\u00e7o realizado em um sal\u00e3o de beleza. Segundo informa\u00e7\u00f5es da&hellip;<\/p>","protected":false},"author":1,"featured_media":108899,"comment_status":"closed","ping_status":"open","sticky":false,"template":"","format":"standard","meta":{"content-type":"","footnotes":""},"categories":[16],"tags":[123,2448,5313,1267],"class_list":["post-108898","post","type-post","status-publish","format-standard","has-post-thumbnail","hentry","category-noticias","tag-brasil","tag-diario","tag-noticia","tag-noticias"],"_links":{"self":[{"href":"https:\/\/tvbrazilusa.com\/pt\/wp-json\/wp\/v2\/posts\/108898","targetHints":{"allow":["GET"]}}],"collection":[{"href":"https:\/\/tvbrazilusa.com\/pt\/wp-json\/wp\/v2\/posts"}],"about":[{"href":"https:\/\/tvbrazilusa.com\/pt\/wp-json\/wp\/v2\/types\/post"}],"author":[{"embeddable":true,"href":"https:\/\/tvbrazilusa.com\/pt\/wp-json\/wp\/v2\/users\/1"}],"replies":[{"embeddable":true,"href":"https:\/\/tvbrazilusa.com\/pt\/wp-json\/wp\/v2\/comments?post=108898"}],"version-history":[{"count":1,"href":"https:\/\/tvbrazilusa.com\/pt\/wp-json\/wp\/v2\/posts\/108898\/revisions"}],"predecessor-version":[{"id":108900,"href":"https:\/\/tvbrazilusa.com\/pt\/wp-json\/wp\/v2\/posts\/108898\/revisions\/108900"}],"wp:featuredmedia":[{"embeddable":true,"href":"https:\/\/tvbrazilusa.com\/pt\/wp-json\/wp\/v2\/media\/108899"}],"wp:attachment":[{"href":"https:\/\/tvbrazilusa.com\/pt\/wp-json\/wp\/v2\/media?parent=108898"}],"wp:term":[{"taxonomy":"category","embeddable":true,"href":"https:\/\/tvbrazilusa.com\/pt\/wp-json\/wp\/v2\/categories?post=108898"},{"taxonomy":"post_tag","embeddable":true,"href":"https:\/\/tvbrazilusa.com\/pt\/wp-json\/wp\/v2\/tags?post=108898"}],"curies":[{"name":"wp","href":"https:\/\/api.w.org\/{rel}","templated":true}]}}