{"id":10895,"date":"2024-07-29T02:23:38","date_gmt":"2024-07-29T02:23:38","guid":{"rendered":"https:\/\/tvbrazilusa.com\/2024\/07\/29\/mae-de-crianca-de-4-anos-baleada-por-bala-perdida-em-casa-em-tamiami-diz-que-incidente-a-deixou-traumatizada-wsvn-7news-noticias-de-miami-clima-esportes-fort-lauderdale\/"},"modified":"2024-07-29T02:33:37","modified_gmt":"2024-07-29T02:33:37","slug":"mae-de-crianca-de-4-anos-baleada-por-bala-perdida-em-casa-em-tamiami-diz-que-incidente-a-deixou-traumatizada-wsvn-7news-noticias-de-miami-clima-esportes-fort-lauderdale","status":"publish","type":"post","link":"https:\/\/tvbrazilusa.com\/pt\/2024\/07\/29\/mae-de-crianca-de-4-anos-baleada-por-bala-perdida-em-casa-em-tamiami-diz-que-incidente-a-deixou-traumatizada-wsvn-7news-noticias-de-miami-clima-esportes-fort-lauderdale\/","title":{"rendered":"M\u00e3e de crian\u00e7a de 4 anos baleada por bala perdida em casa em Tamiami diz que incidente a deixou &#39;traumatizada&#39; &#8211; WSVN 7News | Not\u00edcias de Miami, Clima, Esportes | Fort Lauderdale"},"content":{"rendered":"<p> <script async src=\"https:\/\/pagead2.googlesyndication.com\/pagead\/js\/adsbygoogle.js?client=ca-pub-8864793242727901\"\r\n     crossorigin=\"anonymous\"><\/script><br \/>\n<\/p>\n<div itemprop=\"articleBody\">\n<p>WEST MIAMI-DADE, FL\u00d3RIDA (WSVN) &#8211; Uma m\u00e3e de cora\u00e7\u00e3o partido do sul da Fl\u00f3rida est\u00e1 se manifestando um dia depois que uma bala perdida levou seu filho de 4 anos ao hospital.<\/p>\n<p>Em entrevista ao 7News no domingo, Hassell Oporta disse que temia perder seu filho Dylan quando ele nascesse. <a href=\"https:\/\/wsvn.com\/news\/local\/miami-dade\/4-year-old-boy-hospitalized-after-being-hit-by-stray-bullet-in-tamiami-neighborhood-police-say\/\" data-type=\"link\" data-id=\"https:\/\/wsvn.com\/news\/local\/miami-dade\/4-year-old-boy-hospitalized-after-being-hit-by-stray-bullet-in-tamiami-neighborhood-police-say\/\">filmado dentro de sua casa em West Miami-Dade<\/a>S\u00e1bado \u00e0 noite.<\/p>\n<p>\u201cEu estava tendo pensamentos realmente assustadores sobre o que poderia ter acontecido. Gra\u00e7as a Deus, isso n\u00e3o aconteceu\u201d, ela disse.<\/p>\n<p>De acordo com a pol\u00edcia de Miami-Dade, o tiroteio aconteceu na Southwest 127th Court, perto da 12th Street, na \u00e1rea de Tamiami.<\/p>\n<p>Por volta das 20h45, disseram os detetives, pessoas do lado de fora come\u00e7aram a discutir.<\/p>\n<p>Falando com rep\u00f3rteres na noite de s\u00e1bado, o detetive do MDPD Luis Sierra descreveu o que aconteceu a seguir,<\/p>\n<p>\u201cUm dos indiv\u00edduos apresentou uma arma de fogo e come\u00e7ou a atirar em outra pessoa, momento em que um dos tiros atingiu uma casa e atingiu uma crian\u00e7a\u201d, disse ele.<\/p>\n<p>A pol\u00edcia continuou a investiga\u00e7\u00e3o no bairro no domingo.<\/p>\n<p>C\u00e2meras do 7News capturaram cacos de vidro onde as balas atingiram um trailer, al\u00e9m de um carro que tamb\u00e9m foi atingido diversas vezes.<\/p>\n<p>\u201cEst\u00e1vamos no quarto, na cama. Ele estava brincando no canto, e eu acabei de ouvir o tiro, e eu acabei de verificar o arm\u00e1rio, e ele come\u00e7ou a gritar e come\u00e7ou a suportar [his side]\u201d, disse Oporta, \u201ce quando levantei a blusa, ela tinha um furo e ele come\u00e7ou a sangrar\u201d.<\/p>\n<p>Oporta disse que seu filho foi levado \u00e0s pressas para o hospital, acrescentando que ele foi atingido de rasp\u00e3o nas costelas.<\/p>\n<p>\u201cEle ficou realmente traumatizado\u201d, ela disse.<\/p>\n<p>Felizmente, disse Oporta, a bala deixou apenas um ferimento superficial e algumas queimaduras, mas ela teme que as cicatrizes emocionais que ele deixou por tudo isso possam ser piores.<\/p>\n<p>\u201cEle fica me dizendo: &#39;M\u00e3e, eu n\u00e3o quero bum&#39;\u201d, ela disse, \u201cporque acho que ele sabe, mesmo tendo 4 anos\u201d.<\/p>\n<p>A pol\u00edcia disse que as duas pessoas envolvidas no tiroteio fugiram. Detetives est\u00e3o procurando por elas, para que Oporta e sua fam\u00edlia possam ter alguma justi\u00e7a.<\/p>\n<p>\u201cIsso n\u00e3o deveria ter acontecido. Nunca,\u201d disse Oporta enquanto lutava contra as l\u00e1grimas.<\/p>\n<p><strong>Se voc\u00ea tiver alguma informa\u00e7\u00e3o sobre este tiroteio ou o paradeiro dos indiv\u00edduos, ligue para a Pol\u00edcia de Miami-Dade no n\u00famero 305-476-5423 ou para o Miami-Dade Crime Stoppers no n\u00famero 305-471-TIPS. Lembre-se, voc\u00ea sempre pode permanecer an\u00f4nimo e pode ser eleg\u00edvel para uma recompensa de at\u00e9 US$ 5.000.<\/strong><\/p>\n<p><em>Copyright 2024 Sunbeam Television Corp. Todos os direitos reservados. Este material n\u00e3o pode ser publicado, transmitido, reescrito ou redistribu\u00eddo.<\/em><\/p>\n<div class=\"wp-block-newsletter\">\n\t<strong class=\"wp-block-newsletter__title\">Inscreva-se em nossa Newsletter para receber as \u00faltimas not\u00edcias diretamente na sua caixa de entrada<\/strong><\/p>\n<\/div><\/div>\n<p><br \/>\n<br \/><a href=\"https:\/\/wsvn.com\/news\/local\/miami-dade\/mother-of-4-year-old-shot-by-stray-bullet-in-tamiami-home-says-incident-left-him-traumatized\/\">Source link <\/a><\/p>","protected":false},"excerpt":{"rendered":"<p>WEST MIAMI-DADE, FL\u00d3RIDA (WSVN) &#8211; Uma m\u00e3e de cora\u00e7\u00e3o partido do sul da Fl\u00f3rida est\u00e1 se manifestando um dia depois que uma bala perdida levou seu filho de 4 anos&hellip;<\/p>","protected":false},"author":1,"featured_media":10896,"comment_status":"closed","ping_status":"open","sticky":false,"template":"","format":"standard","meta":{"content-type":"","footnotes":""},"categories":[1],"tags":[],"class_list":["post-10895","post","type-post","status-publish","format-standard","has-post-thumbnail","hentry","category-uncategorized"],"_links":{"self":[{"href":"https:\/\/tvbrazilusa.com\/pt\/wp-json\/wp\/v2\/posts\/10895","targetHints":{"allow":["GET"]}}],"collection":[{"href":"https:\/\/tvbrazilusa.com\/pt\/wp-json\/wp\/v2\/posts"}],"about":[{"href":"https:\/\/tvbrazilusa.com\/pt\/wp-json\/wp\/v2\/types\/post"}],"author":[{"embeddable":true,"href":"https:\/\/tvbrazilusa.com\/pt\/wp-json\/wp\/v2\/users\/1"}],"replies":[{"embeddable":true,"href":"https:\/\/tvbrazilusa.com\/pt\/wp-json\/wp\/v2\/comments?post=10895"}],"version-history":[{"count":1,"href":"https:\/\/tvbrazilusa.com\/pt\/wp-json\/wp\/v2\/posts\/10895\/revisions"}],"predecessor-version":[{"id":10897,"href":"https:\/\/tvbrazilusa.com\/pt\/wp-json\/wp\/v2\/posts\/10895\/revisions\/10897"}],"wp:featuredmedia":[{"embeddable":true,"href":"https:\/\/tvbrazilusa.com\/pt\/wp-json\/wp\/v2\/media\/10896"}],"wp:attachment":[{"href":"https:\/\/tvbrazilusa.com\/pt\/wp-json\/wp\/v2\/media?parent=10895"}],"wp:term":[{"taxonomy":"category","embeddable":true,"href":"https:\/\/tvbrazilusa.com\/pt\/wp-json\/wp\/v2\/categories?post=10895"},{"taxonomy":"post_tag","embeddable":true,"href":"https:\/\/tvbrazilusa.com\/pt\/wp-json\/wp\/v2\/tags?post=10895"}],"curies":[{"name":"wp","href":"https:\/\/api.w.org\/{rel}","templated":true}]}}