{"id":108971,"date":"2025-03-06T15:49:55","date_gmt":"2025-03-06T15:49:55","guid":{"rendered":"https:\/\/tvbrazilusa.com\/2025\/03\/06\/show-da-manha-trump-cita-brasil-e-convence-ate-oposicao-06-03-2025\/"},"modified":"2025-03-06T15:49:55","modified_gmt":"2025-03-06T15:49:55","slug":"show-da-manha-trump-cita-brasil-e-convence-ate-oposicao-06-03-2025","status":"publish","type":"post","link":"https:\/\/tvbrazilusa.com\/pt\/2025\/03\/06\/show-da-manha-trump-cita-brasil-e-convence-ate-oposicao-06-03-2025\/","title":{"rendered":"SHOW DA MANH\u00c3 &#8211; TRUMP CITA BRASIL E CONVENCE AT\u00c9 OPOSI\u00c7\u00c3O &#8211; 06\/03\/2025"},"content":{"rendered":"<p><iframe  width=\"580\" height=\"385\" src=\"https:\/\/www.youtube.com\/embed\/gJvLUfIooQ0?modestbranding=1\" frameborder=\"0\" allowfullscreen><\/iframe><br \/>\n<br \/>Apresentado por Marco Ant\u00f4nio Costa. Convidados: Ver. Eduarda Campopiano e J\u00falia Lucy. Participa\u00e7\u00e3o especial: Deltan Dallagnol. O Show da Manh\u00e3 vai ao ar de segunda a sexta, das 10h \u00e0s 12h.<\/p>\n<p>\ud83d\udd25NOVIDADES NO FIO DIA\u0301RIO! ASSINE COM 33% OFF NO PLANO ANUAL OU 66% OFF NO DEZ A FIO! \ud83d\udc49 <\/p>\n<p>\ud83d\udd25CAMISETAS FIO DIA\u0301RIO (CUPOM \u201cFIODIARIO10\u201d PARA 10% DE DESCONTO) \ud83d\udc49 <\/p>\n<p>\ud83d\udd25APROVEITE AS PROMOC\u0327O\u0303ES DA LIVRARIA FIO DIA\u0301RIO E NA\u0303O CAIA EM NARRATIVAS! \ud83d\udc49 <\/p>\n<p>Inscreva-se no nosso Canal!<\/p>\n<p>Ou\u00e7a no Spotify: <\/p>\n<p>Siga no Instagram:<\/p>\n<p>Marco Ant\u00f4nio Costa: <\/p>\n<p>Fio Di\u00e1rio: <\/p>\n<p><a href=\"https:\/\/www.youtube.com\/watch?v=gJvLUfIooQ0\">source<\/a><\/p>","protected":false},"excerpt":{"rendered":"<p>Apresentado por Marco Ant\u00f4nio Costa. Convidados: Ver. Eduarda Campopiano e J\u00falia Lucy. Participa\u00e7\u00e3o especial: Deltan Dallagnol. O Show da Manh\u00e3 vai ao ar de segunda a sexta, das 10h \u00e0s&hellip;<\/p>","protected":false},"author":1,"featured_media":108972,"comment_status":"","ping_status":"open","sticky":false,"template":"","format":"standard","meta":{"content-type":"","footnotes":""},"categories":[17],"tags":[615,123,33196,27747,557,2313,63,356],"class_list":["post-108971","post","type-post","status-publish","format-standard","has-post-thumbnail","hentry","category-programas","tag-ate","tag-brasil","tag-cita","tag-convence","tag-manha","tag-oposicao","tag-show","tag-trump"],"_links":{"self":[{"href":"https:\/\/tvbrazilusa.com\/pt\/wp-json\/wp\/v2\/posts\/108971","targetHints":{"allow":["GET"]}}],"collection":[{"href":"https:\/\/tvbrazilusa.com\/pt\/wp-json\/wp\/v2\/posts"}],"about":[{"href":"https:\/\/tvbrazilusa.com\/pt\/wp-json\/wp\/v2\/types\/post"}],"author":[{"embeddable":true,"href":"https:\/\/tvbrazilusa.com\/pt\/wp-json\/wp\/v2\/users\/1"}],"replies":[{"embeddable":true,"href":"https:\/\/tvbrazilusa.com\/pt\/wp-json\/wp\/v2\/comments?post=108971"}],"version-history":[{"count":0,"href":"https:\/\/tvbrazilusa.com\/pt\/wp-json\/wp\/v2\/posts\/108971\/revisions"}],"wp:featuredmedia":[{"embeddable":true,"href":"https:\/\/tvbrazilusa.com\/pt\/wp-json\/wp\/v2\/media\/108972"}],"wp:attachment":[{"href":"https:\/\/tvbrazilusa.com\/pt\/wp-json\/wp\/v2\/media?parent=108971"}],"wp:term":[{"taxonomy":"category","embeddable":true,"href":"https:\/\/tvbrazilusa.com\/pt\/wp-json\/wp\/v2\/categories?post=108971"},{"taxonomy":"post_tag","embeddable":true,"href":"https:\/\/tvbrazilusa.com\/pt\/wp-json\/wp\/v2\/tags?post=108971"}],"curies":[{"name":"wp","href":"https:\/\/api.w.org\/{rel}","templated":true}]}}