{"id":108999,"date":"2025-03-07T12:01:49","date_gmt":"2025-03-07T12:01:49","guid":{"rendered":"https:\/\/tvbrazilusa.com\/2025\/03\/07\/crianca-escapa-de-tragedia-apos-descuido-da-mae-veja-video\/"},"modified":"2025-03-07T12:01:50","modified_gmt":"2025-03-07T12:01:50","slug":"crianca-escapa-de-tragedia-apos-descuido-da-mae-veja-video","status":"publish","type":"post","link":"https:\/\/tvbrazilusa.com\/pt\/2025\/03\/07\/crianca-escapa-de-tragedia-apos-descuido-da-mae-veja-video\/","title":{"rendered":"Crian\u00e7a escapa de trag\u00e9dia ap\u00f3s descuido da m\u00e3e; VEJA V\u00cdDEO"},"content":{"rendered":"<p> <script async src=\"https:\/\/pagead2.googlesyndication.com\/pagead\/js\/adsbygoogle.js?client=ca-pub-8864793242727901\"\r\n     crossorigin=\"anonymous\"><\/script><br \/>\n<\/p>\n<div id=\"taboola-read-more\" style=\"display:block; width:100%\">\n<p>Uma crian\u00e7a de tr\u00eas anos sofreu uma colis\u00e3o de uma motocicleta na quarta-feira (5) na cidade do Crato, interior do Cear\u00e1, e est\u00e1 hospitalizada.\n<\/p>\n<p>A dire\u00e7\u00e3o m\u00e9dica do Hospital Santo Ant\u00f4nio, onde a crian\u00e7a est\u00e1 internada, afirma que ela est\u00e1 na enfermaria da unidade, com estado de sa\u00fade est\u00e1vel e sem previs\u00e3o de alta.<\/p>\n<p>C\u00e2meras de seguran\u00e7a flagraram o momento do acidente. A crian\u00e7a est\u00e1 pr\u00f3xima \u00e0 m\u00e3e e tenta cruzar uma rua; um motociclista que trafega na via tenta frear bruscamente, mas n\u00e3o consegue evitar a colis\u00e3o.\n<\/p>\n<p>Em seguida, ela \u00e9 colocada no interior de um carro e levada at\u00e9 o hospital.\n<\/p>\n<p>Ainda conforme o Hospital Santo Ant\u00f4nio, a crian\u00e7a passou por uma tomografia na quarta-feira e deve fazer uma nova na sexta (7). Ela tamb\u00e9m passou por uma avalia\u00e7\u00e3o pela neurocirurgia.\n<\/p>\n<p>Fonte: g1              <\/p>\n<\/div>\n<p><br \/>\n<br \/><a href=\"https:\/\/diariodobrasilnoticias.com.br\/noticia\/crianca-escapa-de-tragedia-apos-descuido-da-mae-veja-video-67cacd7d3536b\">Source link <\/a><\/p>","protected":false},"excerpt":{"rendered":"<p>Uma crian\u00e7a de tr\u00eas anos sofreu uma colis\u00e3o de uma motocicleta na quarta-feira (5) na cidade do Crato, interior do Cear\u00e1, e est\u00e1 hospitalizada. A dire\u00e7\u00e3o m\u00e9dica do Hospital Santo&hellip;<\/p>","protected":false},"author":1,"featured_media":109000,"comment_status":"closed","ping_status":"open","sticky":false,"template":"","format":"standard","meta":{"content-type":"","footnotes":""},"categories":[16],"tags":[123,2448,5313,1267],"class_list":["post-108999","post","type-post","status-publish","format-standard","has-post-thumbnail","hentry","category-noticias","tag-brasil","tag-diario","tag-noticia","tag-noticias"],"_links":{"self":[{"href":"https:\/\/tvbrazilusa.com\/pt\/wp-json\/wp\/v2\/posts\/108999","targetHints":{"allow":["GET"]}}],"collection":[{"href":"https:\/\/tvbrazilusa.com\/pt\/wp-json\/wp\/v2\/posts"}],"about":[{"href":"https:\/\/tvbrazilusa.com\/pt\/wp-json\/wp\/v2\/types\/post"}],"author":[{"embeddable":true,"href":"https:\/\/tvbrazilusa.com\/pt\/wp-json\/wp\/v2\/users\/1"}],"replies":[{"embeddable":true,"href":"https:\/\/tvbrazilusa.com\/pt\/wp-json\/wp\/v2\/comments?post=108999"}],"version-history":[{"count":1,"href":"https:\/\/tvbrazilusa.com\/pt\/wp-json\/wp\/v2\/posts\/108999\/revisions"}],"predecessor-version":[{"id":109001,"href":"https:\/\/tvbrazilusa.com\/pt\/wp-json\/wp\/v2\/posts\/108999\/revisions\/109001"}],"wp:featuredmedia":[{"embeddable":true,"href":"https:\/\/tvbrazilusa.com\/pt\/wp-json\/wp\/v2\/media\/109000"}],"wp:attachment":[{"href":"https:\/\/tvbrazilusa.com\/pt\/wp-json\/wp\/v2\/media?parent=108999"}],"wp:term":[{"taxonomy":"category","embeddable":true,"href":"https:\/\/tvbrazilusa.com\/pt\/wp-json\/wp\/v2\/categories?post=108999"},{"taxonomy":"post_tag","embeddable":true,"href":"https:\/\/tvbrazilusa.com\/pt\/wp-json\/wp\/v2\/tags?post=108999"}],"curies":[{"name":"wp","href":"https:\/\/api.w.org\/{rel}","templated":true}]}}