{"id":109005,"date":"2025-03-07T12:32:20","date_gmt":"2025-03-07T12:32:20","guid":{"rendered":"https:\/\/tvbrazilusa.com\/2025\/03\/07\/stf-retoma-julgamento-sobre-a-letalidade-de-operacoes-policiais-em-favelas-do-rio-de-janeiro\/"},"modified":"2025-03-07T12:32:22","modified_gmt":"2025-03-07T12:32:22","slug":"stf-retoma-julgamento-sobre-a-letalidade-de-operacoes-policiais-em-favelas-do-rio-de-janeiro","status":"publish","type":"post","link":"https:\/\/tvbrazilusa.com\/pt\/2025\/03\/07\/stf-retoma-julgamento-sobre-a-letalidade-de-operacoes-policiais-em-favelas-do-rio-de-janeiro\/","title":{"rendered":"STF retoma julgamento sobre a letalidade de opera\u00e7\u00f5es policiais em favelas do Rio de Janeiro"},"content":{"rendered":"<p> <script async src=\"https:\/\/pagead2.googlesyndication.com\/pagead\/js\/adsbygoogle.js?client=ca-pub-8864793242727901\"\r\n     crossorigin=\"anonymous\"><\/script><br \/>\n<\/p>\n<div id=\"taboola-read-more\" style=\"display:block; width:100%\">\n<p>O Supremo Tribunal Federal (STF) agendou para o dia 26 de mar\u00e7o a retomada do julgamento sobre a letalidade das opera\u00e7\u00f5es policiais em favelas do Rio de Janeiro. A an\u00e1lise havia sido suspensa depois de o relator, o ministro Edson Fachin, votar pela manuten\u00e7\u00e3o das restri\u00e7\u00f5es j\u00e1 impostas \u00e0s a\u00e7\u00f5es policiais.\n<\/p>\n<p>O caso em quest\u00e3o \u00e9 a Argui\u00e7\u00e3o de Descumprimento de Preceito Fundamental (ADPF) 635, conhecida como ADPF das Favelas, protocolada em 2019 pelo Partido Socialista Brasileiro (PSB).<\/p>\n<p>Em tese, essa a\u00e7\u00e3o busca reduzir as mortes durante opera\u00e7\u00f5es da Pol\u00edcia Militar nas comunidades cariocas, especialmente em \u00e1reas de atua\u00e7\u00e3o do crime organizado.\n<\/p>\n<p>Medidas estabelecidas pelo STF\n<\/p>\n<p>At\u00e9 agora, o Supremo determinou medidas como o uso obrigat\u00f3rio de c\u00e2meras corporais por policiais e em viaturas durante as opera\u00e7\u00f5es. Al\u00e9m disso, estabeleceu que agentes de seguran\u00e7a devem comunicar previamente as a\u00e7\u00f5es \u00e0s autoridades de sa\u00fade e educa\u00e7\u00e3o, para haver a prote\u00e7\u00e3o contra tiroteios em escolas e em unidades de sa\u00fade.\n<\/p>\n<p>Durante o andamento do caso, Fachin reafirmou diversas determina\u00e7\u00f5es sobre a atua\u00e7\u00e3o da Pol\u00edcia Militar e destacou a necessidade de procedimentos rigorosos na investiga\u00e7\u00e3o de mortes ocorridas durante as opera\u00e7\u00f5es. Conforme o STF, essas medidas visam a proteger tanto os moradores das comunidades quanto os pr\u00f3prios policiais.\n<\/p>\n<p>Com a retomada do julgamento, espera-se que mais dez ministros da Corte apresentem seus votos. Eles poder\u00e3o influenciar as diretrizes para opera\u00e7\u00f5es policiais em favelas. A decis\u00e3o final tem o potencial de estabelecer novos padr\u00f5es para para as a\u00e7\u00f5es de seguran\u00e7a p\u00fablica nesses locais do Rio de Janeiro.<\/p>\n<p>Fonte: Revista Oeste              <\/p>\n<\/div>\n<p><br \/>\n<br \/><a href=\"https:\/\/diariodobrasilnoticias.com.br\/noticia\/stf-retoma-julgamento-sobre-a-letalidade-de-operacoes-policiais-em-favelas-do-rio-de-janeiro-67cac84fc62c1\">Source link <\/a><\/p>","protected":false},"excerpt":{"rendered":"<p>O Supremo Tribunal Federal (STF) agendou para o dia 26 de mar\u00e7o a retomada do julgamento sobre a letalidade das opera\u00e7\u00f5es policiais em favelas do Rio de Janeiro. A an\u00e1lise&hellip;<\/p>","protected":false},"author":1,"featured_media":109006,"comment_status":"closed","ping_status":"open","sticky":false,"template":"","format":"standard","meta":{"content-type":"","footnotes":""},"categories":[16],"tags":[123,2448,5313,1267],"class_list":["post-109005","post","type-post","status-publish","format-standard","has-post-thumbnail","hentry","category-noticias","tag-brasil","tag-diario","tag-noticia","tag-noticias"],"_links":{"self":[{"href":"https:\/\/tvbrazilusa.com\/pt\/wp-json\/wp\/v2\/posts\/109005","targetHints":{"allow":["GET"]}}],"collection":[{"href":"https:\/\/tvbrazilusa.com\/pt\/wp-json\/wp\/v2\/posts"}],"about":[{"href":"https:\/\/tvbrazilusa.com\/pt\/wp-json\/wp\/v2\/types\/post"}],"author":[{"embeddable":true,"href":"https:\/\/tvbrazilusa.com\/pt\/wp-json\/wp\/v2\/users\/1"}],"replies":[{"embeddable":true,"href":"https:\/\/tvbrazilusa.com\/pt\/wp-json\/wp\/v2\/comments?post=109005"}],"version-history":[{"count":1,"href":"https:\/\/tvbrazilusa.com\/pt\/wp-json\/wp\/v2\/posts\/109005\/revisions"}],"predecessor-version":[{"id":109007,"href":"https:\/\/tvbrazilusa.com\/pt\/wp-json\/wp\/v2\/posts\/109005\/revisions\/109007"}],"wp:featuredmedia":[{"embeddable":true,"href":"https:\/\/tvbrazilusa.com\/pt\/wp-json\/wp\/v2\/media\/109006"}],"wp:attachment":[{"href":"https:\/\/tvbrazilusa.com\/pt\/wp-json\/wp\/v2\/media?parent=109005"}],"wp:term":[{"taxonomy":"category","embeddable":true,"href":"https:\/\/tvbrazilusa.com\/pt\/wp-json\/wp\/v2\/categories?post=109005"},{"taxonomy":"post_tag","embeddable":true,"href":"https:\/\/tvbrazilusa.com\/pt\/wp-json\/wp\/v2\/tags?post=109005"}],"curies":[{"name":"wp","href":"https:\/\/api.w.org\/{rel}","templated":true}]}}