{"id":109008,"date":"2025-03-07T12:44:29","date_gmt":"2025-03-07T12:44:29","guid":{"rendered":"https:\/\/tvbrazilusa.com\/2025\/03\/07\/juristas-dos-estados-unidos-criticam-alexandre-de-moraes-por-interpretacoes-controversas-da-lei\/"},"modified":"2025-03-07T12:44:30","modified_gmt":"2025-03-07T12:44:30","slug":"juristas-dos-estados-unidos-criticam-alexandre-de-moraes-por-interpretacoes-controversas-da-lei","status":"publish","type":"post","link":"https:\/\/tvbrazilusa.com\/pt\/2025\/03\/07\/juristas-dos-estados-unidos-criticam-alexandre-de-moraes-por-interpretacoes-controversas-da-lei\/","title":{"rendered":"Juristas dos Estados Unidos criticam Alexandre de Moraes por interpreta\u00e7\u00f5es controversas da lei"},"content":{"rendered":"<p> <script async src=\"https:\/\/pagead2.googlesyndication.com\/pagead\/js\/adsbygoogle.js?client=ca-pub-8864793242727901\"\r\n     crossorigin=\"anonymous\"><\/script><br \/>\n<\/p>\n<div id=\"taboola-read-more\" style=\"display:block; width:100%\">\n<p>Dois acad\u00eamicos de renome dos Estados Unidos, Jeff Kosseff e Jacob Mchangama, publicaram uma an\u00e1lise detalhada sobre a atua\u00e7\u00e3o do ministro Alexandre de Moraes na regula\u00e7\u00e3o do discurso p\u00fablico no Brasil, escorado na desculpa de \u201ccombater a desinforma\u00e7\u00e3o\u201d. Em artigo intitulado \u201cMill Rolls in His Grave\u201d (John Stuart Mill se Contorce no T\u00famulo, em tradu\u00e7\u00e3o livre), os especialistas argumentam que Moraes tem reinterpretado \u00e0s suas conveni\u00eancias conceitos do liberalismo cl\u00e1ssico e da jurisprud\u00eancia da Suprema Corte dos EUA para justificar medidas restritivas \u00e0 liberdade de express\u00e3o.\n<\/p>\n<p>Kosseff e Mchangama alegam n\u00e3o poder falar sobre a legisla\u00e7\u00e3o brasileira. Por\u00e9m, Alexandre de Moraes continuamente cita tanto a jurisprud\u00eancia norte-americana quanto a obra do fil\u00f3sofo liberal John Stuart Mill \u2014 n\u00e3o para defender a liberdade de express\u00e3o, mas sempre para relevar atos de censura.<\/p>\n<p>Para os juristas, a atua\u00e7\u00e3o de Alexandre de Moraes conflita com princ\u00edpios fundamentais do liberalismo cl\u00e1ssico e com os marcos jur\u00eddicos que sustentam a liberdade de express\u00e3o em democracias ocidentais. Os especialistas argumentam que a liberdade de express\u00e3o \u00e9 um pilar central para qualquer regime democr\u00e1tico saud\u00e1vel e que, quando autoridades judiciais assumem poderes arbitr\u00e1rios para definir o que pode ou n\u00e3o ser dito, abre-se um precedente perigoso para a repress\u00e3o pol\u00edtica disfar\u00e7ada de defesa institucional.\n<\/p>\n<p>O caso mais recente que ilustra essa abordagem, segundo os especialistas, \u00e9 a suspens\u00e3o da plataforma Rumble no Brasil. Os juristas veem tal medida como um exemplo claro de censura institucionalizada pelo subterf\u00fagio de, alegadamente, \u201cproteger a democracia\u201d \u2014 justamente censurando opini\u00f5es de que o ministro do STF pessoalmente n\u00e3o goste. Para Kosseff e Mchangama, essa decis\u00e3o insere-se em um contexto mais amplo de controle do espa\u00e7o p\u00fablico e da din\u00e2mica pol\u00edtica por meio do Poder Judici\u00e1rio, levantando s\u00e9rias preocupa\u00e7\u00f5es sobre a separa\u00e7\u00e3o de Poderes e o papel do Estado na regula\u00e7\u00e3o da informa\u00e7\u00e3o \u2014 o que pode ser considerado, justamente, como um risco \u00e0 democracia.\n<\/p>\n<p><strong>Os superpoderes de Alexandre de Moraes<\/strong>\n<\/p>\n<p>Os juristas destacam que Alexandre de Moraes \u201crecebeu\u201d uma amplia\u00e7\u00e3o significativa de seu poder de decis\u00e3o sobre o que pode ou n\u00e3o ser dito no Brasil a partir do TSE \u2014 sem saberem que o pr\u00f3prio Alexandre de Moraes, junto de outros ministros do TSE, como Carmen L\u00facia, votaram para ampliar seus pr\u00f3prios poderes sem nenhuma lei que os permitisse, e ainda confessando ser censura.\n<\/p>\n<p>Inicialmente respons\u00e1vel por investiga\u00e7\u00f5es sobre supostas \u201cfake news\u201d, inexistentes no ordenamento jur\u00eddico brasileiro, o ministro expandiu seu pr\u00f3prio poder de investigador, delegado, juiz e suposta v\u00edtima para abranger praticamente qualquer manifesta\u00e7\u00e3o que, a seu bel-prazer, possa ser considerada uma \u201camea\u00e7a \u00e0s institui\u00e7\u00f5es ou aos pr\u00f3prios magistrados do Supremo Tribunal Federal\u201d. Esse movimento, segundo os especialistas, levanta s\u00e9rias quest\u00f5es sobre a independ\u00eancia do Judici\u00e1rio e o risco de que decis\u00f5es sejam guiadas por motiva\u00e7\u00f5es pol\u00edticas dos pr\u00f3prios ministros, ao inv\u00e9s de princ\u00edpios legais.\n<\/p>\n<p>A cr\u00edtica dos juristas enfatiza que essa concentra\u00e7\u00e3o de poder culminou na recente suspens\u00e3o da plataforma Rumble, uma medida tomada ap\u00f3s a reativa\u00e7\u00e3o da conta do influenciador Allan dos Santos, apoiador do ex-presidente Jair Bolsonaro. O argumento utilizado por Moraes foi o de que a plataforma permitiria a \u201cdissemina\u00e7\u00e3o maci\u00e7a de desinforma\u00e7\u00e3o\u201d, supostamente \u201ccolocando a democracia em risco\u201d, mesmo que nenhuma democracia esteja em risco por conta da liberdade das pessoas de emitirem suas opini\u00f5es em plataformas.\n<\/p>\n<p>Para Kosseff e Mchangama, essa justificativa representa uma invers\u00e3o dos princ\u00edpios da liberdade de express\u00e3o, j\u00e1 que, em regimes democr\u00e1ticos, o combate a discursos considerados problem\u00e1ticos deve ocorrer por meio do debate p\u00fablico, e n\u00e3o pela censura estatal. Eles argumentam que a decis\u00e3o de Moraes estabelece um precedente preocupante para o controle da informa\u00e7\u00e3o no Brasil. Os especialistas destacam ainda que esse modelo de censura tende a se expandir progressivamente, criando uma cultura de conformidade ideol\u00f3gica imposta pela opini\u00e3o pessoal de burocratas que controlem o Judici\u00e1rio.\n<\/p>\n<p><strong>Revista Oeste<\/strong>              <\/p>\n<\/div>\n<p><br \/>\n<br \/><a href=\"https:\/\/diariodobrasilnoticias.com.br\/noticia\/juristas-dos-estados-unidos-criticam-alexandre-de-moraes-por-interpretacoes-controversas-da-lei-67cacaf610b16\">Source link <\/a><\/p>","protected":false},"excerpt":{"rendered":"<p>Dois acad\u00eamicos de renome dos Estados Unidos, Jeff Kosseff e Jacob Mchangama, publicaram uma an\u00e1lise detalhada sobre a atua\u00e7\u00e3o do ministro Alexandre de Moraes na regula\u00e7\u00e3o do discurso p\u00fablico no&hellip;<\/p>","protected":false},"author":1,"featured_media":109009,"comment_status":"closed","ping_status":"open","sticky":false,"template":"","format":"standard","meta":{"content-type":"","footnotes":""},"categories":[16],"tags":[123,2448,5313,1267],"class_list":["post-109008","post","type-post","status-publish","format-standard","has-post-thumbnail","hentry","category-noticias","tag-brasil","tag-diario","tag-noticia","tag-noticias"],"_links":{"self":[{"href":"https:\/\/tvbrazilusa.com\/pt\/wp-json\/wp\/v2\/posts\/109008","targetHints":{"allow":["GET"]}}],"collection":[{"href":"https:\/\/tvbrazilusa.com\/pt\/wp-json\/wp\/v2\/posts"}],"about":[{"href":"https:\/\/tvbrazilusa.com\/pt\/wp-json\/wp\/v2\/types\/post"}],"author":[{"embeddable":true,"href":"https:\/\/tvbrazilusa.com\/pt\/wp-json\/wp\/v2\/users\/1"}],"replies":[{"embeddable":true,"href":"https:\/\/tvbrazilusa.com\/pt\/wp-json\/wp\/v2\/comments?post=109008"}],"version-history":[{"count":1,"href":"https:\/\/tvbrazilusa.com\/pt\/wp-json\/wp\/v2\/posts\/109008\/revisions"}],"predecessor-version":[{"id":109010,"href":"https:\/\/tvbrazilusa.com\/pt\/wp-json\/wp\/v2\/posts\/109008\/revisions\/109010"}],"wp:featuredmedia":[{"embeddable":true,"href":"https:\/\/tvbrazilusa.com\/pt\/wp-json\/wp\/v2\/media\/109009"}],"wp:attachment":[{"href":"https:\/\/tvbrazilusa.com\/pt\/wp-json\/wp\/v2\/media?parent=109008"}],"wp:term":[{"taxonomy":"category","embeddable":true,"href":"https:\/\/tvbrazilusa.com\/pt\/wp-json\/wp\/v2\/categories?post=109008"},{"taxonomy":"post_tag","embeddable":true,"href":"https:\/\/tvbrazilusa.com\/pt\/wp-json\/wp\/v2\/tags?post=109008"}],"curies":[{"name":"wp","href":"https:\/\/api.w.org\/{rel}","templated":true}]}}