{"id":109011,"date":"2025-03-07T12:57:20","date_gmt":"2025-03-07T12:57:20","guid":{"rendered":"https:\/\/tvbrazilusa.com\/2025\/03\/07\/bolsonaro-indica-ao-stf-tarcisio-mourao-e-outros-11-nomes-como-testemunhas\/"},"modified":"2025-03-07T12:57:22","modified_gmt":"2025-03-07T12:57:22","slug":"bolsonaro-indica-ao-stf-tarcisio-mourao-e-outros-11-nomes-como-testemunhas","status":"publish","type":"post","link":"https:\/\/tvbrazilusa.com\/pt\/2025\/03\/07\/bolsonaro-indica-ao-stf-tarcisio-mourao-e-outros-11-nomes-como-testemunhas\/","title":{"rendered":"Bolsonaro indica ao STF Tarc\u00edsio, Mour\u00e3o e outros 11 nomes como testemunhas"},"content":{"rendered":"<p> <script async src=\"https:\/\/pagead2.googlesyndication.com\/pagead\/js\/adsbygoogle.js?client=ca-pub-8864793242727901\"\r\n     crossorigin=\"anonymous\"><\/script><br \/>\n<\/p>\n<div>\n<figure class=\"post-image\">\n<\/figure>\n<p>            <span style=\"font-size: 12px\">Foto: Rafaela Felicciano\/Metr\u00f3poles<\/span><\/p>\n<p>            <!-- end metas --><br \/>\n            <!-- ADS --><\/p>\n<div id=\"taboola-read-more\" style=\"display:block; width:100%\">\n<p>Formalmente denunciado pela Procuradoria-Geral da Rep\u00fablica (PGR) no chamado inqu\u00e9rito do golpe, o ex-presidente Jair Bolsonaro apresentou sua defesa pr\u00e9via ao STF na noite desta quinta-feira (6\/3).\n<\/p>\n<p>No documento, a defesa de Bolsonaro listou 13 pessoas como testemunhas a serem ouvidas durante o processo, caso o Supremo Tribunal Federal decida aceitar a den\u00fancia e tornar o ex-presidente r\u00e9u.<\/p>\n<p>Dentre as poss\u00edveis testemunhas est\u00e3o o governador de S\u00e3o Paulo e ex-ministro, Tarc\u00edsio de Freitas; o ex-vice-presidente e hoje senador Hamilton Mour\u00e3o e o senador e ex-ministro da Casa Civil, Ciro Nogueira.\n<\/p>\n<p>\u201cNo m\u00e9rito, requer-se a rejei\u00e7\u00e3o da den\u00fancia ofertada em desfavor do peticion\u00e1rio, pelas raz\u00f5es de fato e de direito acima expostas, como medida de Justi\u00e7a. Na remota hip\u00f3tese desse Col. Supremo Tribunal Federal entender pelo recebimento da den\u00fancia, o que se admite por dever de of\u00edcio, o peticion\u00e1rio provar\u00e1 sua inoc\u00eancia por meio da oitiva das testemunhas de defesa abaixo arroladas, em car\u00e1ter de imprescindibilidade, na forma da lei, requerendo-se, desde j\u00e1, sejam pessoalmente intimadas.\n<\/p>\n<p>Confira a lista de testemunhas indicadas por Bolsonaro ao STF:\n<\/p>\n<ul>\n<li>Amaury Feres Saad \u2013 advogado<\/li>\n<li>Coronel Wagner Oliveira da Silva \u2013 militar representante da Defesa na apura\u00e7\u00e3o das elei\u00e7\u00f5es de 2022<\/li>\n<li>Renato de Lima Fran\u00e7a \u2013 ex-subchefe de assuntos jur\u00eddicos da Secretaria-Geral da Presid\u00eancia<\/li>\n<li>General Eduardo Pazuello \u2013 deputado federal e ex-ministro da Sa\u00fade<\/li>\n<li>Senador Rog\u00e9rio Marinho \u2013 senador e ex-ministro do Desenvolvimento Regional<\/li>\n<li>General Hamilton Mour\u00e3o \u2013 senador e ex-vice-presidente da Rep\u00fablica<\/li>\n<li>Senador Ciro Nogueira \u2013 senador e ex-ministro da Casa Civil<\/li>\n<li>Governador Tarc\u00edsio Gomes de Freitas \u2013 governador de S\u00e3o Paulo<\/li>\n<li>Senador Gilson Machado \u2013 ex-ministro do Turismo<\/li>\n<li>General Marco Ant\u00f4nio Freire Gomes \u2013 ex-comandante do Ex\u00e9rcito<\/li>\n<li>Brigadeiro Carlos de Almeida Batista J\u00fanior \u2013 ex-comandante da FAB<\/li>\n<li>General J\u00falio C\u00e9sar de Arruda \u2013 ex-comandante do Ex\u00e9rcito<\/li>\n<li>Jonathas Assun\u00e7\u00e3o Salvador \u2013 ex-secret\u00e1rio-executivo da Casa Civil<\/li>\n<\/ul>\n<p><strong>Metr\u00f3poles<\/strong>              <\/p>\n<\/div>\n<p>                        <!-- Scripts para conteudo --><\/p>\n<p>            <!-- .\/Scripts para conteudo --><br \/>\n            <!-- .\/Mat\u00e9ria --><\/p>\n<div class=\"row mt-3\">\n<div class=\"col-sm-6\">\n                <!-- Whatsapp channel 3--><br \/>\n                <a href=\"https:\/\/chat.whatsapp.com\/B8Qy6Erx4kb6yTzj3kaDco\" target=\"_blank\"><br \/>\n                  <img decoding=\"async\" src=\"https:\/\/diariodobrasilnoticias.com.br\/assets-site\/images\/bot_whatsapp.png\"\/><\/a>\n              <\/div>\n<div class=\"col-sm-6\">\n                <a href=\"https:\/\/t.me\/+_4gTmi5LKo03OTM5\" target=\"_blank\"><br \/>\n                  <img decoding=\"async\" src=\"https:\/\/diariodobrasilnoticias.com.br\/assets-site\/images\/bot_telegram.png\"\/><\/a>\n              <\/div>\n<\/p><\/div>\n<p>            <!-- end post-navigation --><\/p>\n<p>              <!-- end row --><\/p>\n<p>              <!-- end col-12-->\n                      <\/div>\n<p><br \/>\n<br \/><a href=\"https:\/\/diariodobrasilnoticias.com.br\/noticia\/bolsonaro-indica-ao-stf-tarcisio-mourao-e-outros-11-nomes-como-testemunhas-67cacedfd0153\">Source link <\/a><\/p>","protected":false},"excerpt":{"rendered":"<p>Foto: Rafaela Felicciano\/Metr\u00f3poles Formalmente denunciado pela Procuradoria-Geral da Rep\u00fablica (PGR) no chamado inqu\u00e9rito do golpe, o ex-presidente Jair Bolsonaro apresentou sua defesa pr\u00e9via ao STF na noite desta quinta-feira (6\/3).&hellip;<\/p>","protected":false},"author":1,"featured_media":109012,"comment_status":"closed","ping_status":"open","sticky":false,"template":"","format":"standard","meta":{"content-type":"","footnotes":""},"categories":[16],"tags":[123,2448,5313,1267],"class_list":["post-109011","post","type-post","status-publish","format-standard","has-post-thumbnail","hentry","category-noticias","tag-brasil","tag-diario","tag-noticia","tag-noticias"],"_links":{"self":[{"href":"https:\/\/tvbrazilusa.com\/pt\/wp-json\/wp\/v2\/posts\/109011","targetHints":{"allow":["GET"]}}],"collection":[{"href":"https:\/\/tvbrazilusa.com\/pt\/wp-json\/wp\/v2\/posts"}],"about":[{"href":"https:\/\/tvbrazilusa.com\/pt\/wp-json\/wp\/v2\/types\/post"}],"author":[{"embeddable":true,"href":"https:\/\/tvbrazilusa.com\/pt\/wp-json\/wp\/v2\/users\/1"}],"replies":[{"embeddable":true,"href":"https:\/\/tvbrazilusa.com\/pt\/wp-json\/wp\/v2\/comments?post=109011"}],"version-history":[{"count":1,"href":"https:\/\/tvbrazilusa.com\/pt\/wp-json\/wp\/v2\/posts\/109011\/revisions"}],"predecessor-version":[{"id":109013,"href":"https:\/\/tvbrazilusa.com\/pt\/wp-json\/wp\/v2\/posts\/109011\/revisions\/109013"}],"wp:featuredmedia":[{"embeddable":true,"href":"https:\/\/tvbrazilusa.com\/pt\/wp-json\/wp\/v2\/media\/109012"}],"wp:attachment":[{"href":"https:\/\/tvbrazilusa.com\/pt\/wp-json\/wp\/v2\/media?parent=109011"}],"wp:term":[{"taxonomy":"category","embeddable":true,"href":"https:\/\/tvbrazilusa.com\/pt\/wp-json\/wp\/v2\/categories?post=109011"},{"taxonomy":"post_tag","embeddable":true,"href":"https:\/\/tvbrazilusa.com\/pt\/wp-json\/wp\/v2\/tags?post=109011"}],"curies":[{"name":"wp","href":"https:\/\/api.w.org\/{rel}","templated":true}]}}