{"id":109014,"date":"2025-03-07T13:10:21","date_gmt":"2025-03-07T13:10:21","guid":{"rendered":"https:\/\/tvbrazilusa.com\/2025\/03\/07\/fieis-ficam-com-testa-lesionada-apos-receberem-sinal-da-cruz-em-missa-na-quarta-feira-de-cinzas\/"},"modified":"2025-03-07T13:10:23","modified_gmt":"2025-03-07T13:10:23","slug":"fieis-ficam-com-testa-lesionada-apos-receberem-sinal-da-cruz-em-missa-na-quarta-feira-de-cinzas","status":"publish","type":"post","link":"https:\/\/tvbrazilusa.com\/pt\/2025\/03\/07\/fieis-ficam-com-testa-lesionada-apos-receberem-sinal-da-cruz-em-missa-na-quarta-feira-de-cinzas\/","title":{"rendered":"Fi\u00e9is ficam com testa lesionada ap\u00f3s receberem sinal da cruz em missa na Quarta-feira de Cinzas"},"content":{"rendered":"<p> <script async src=\"https:\/\/pagead2.googlesyndication.com\/pagead\/js\/adsbygoogle.js?client=ca-pub-8864793242727901\"\r\n     crossorigin=\"anonymous\"><\/script><br \/>\n<\/p>\n<div id=\"taboola-read-more\" style=\"display:block; width:100%\">\n<p>Fi\u00e9is cat\u00f3licos do munic\u00edpio de Carna\u00faba dos Dantas, na regi\u00e3o Serid\u00f3 do Rio Grande do Norte, ficaram com a testa lesionada depois de receberem o sinal da Cruz em uma missa realizada na \u00faltima Quarta-feira de Cinzas (5). As marcas parecem com les\u00f5es provocadas por queimadura ou alergia.\n<\/p>\n<p>N\u00e3o h\u00e1 um n\u00famero exato de pessoas atingidas, mas o padre Rooney Galv\u00e3o, respons\u00e1vel pela celebra\u00e7\u00e3o, diz que \u201cv\u00e1rias pessoas\u201d relataram para ele o problema.<\/p>\n<p>O caso aconteceu na Par\u00f3quia de S\u00e3o Jos\u00e9. \u00c0 98 FM, o padre Rooney Galv\u00e3o explicou que o ritual de passar as cinzas na testa dos fi\u00e9is, como sinal da Cruz, aconteceu normalmente, como ocorre todos os anos. Mas que, ao fim da missa, alguns fi\u00e9is o procuraram relatando o que aconteceu.\n<\/p>\n<p>\u201cN\u00e3o percebi nenhum desconforto nas pessoas. Terminamos o rito, continuamos a missa e, no final, na Sacristia, algumas pessoas vieram para mostrar a marca nas suas testas. Algumas com vermelhid\u00e3o, outras com les\u00f5es mais preocupantes. E n\u00e3o foram s\u00f3 uma, duas ou tr\u00eas pessoas. V\u00e1rias. E n\u00f3s ficamos preocupados. Buscamos saber da pessoa que confeccionou a cinza, uma senhora muito piedosa, ministra da Eucaristia, que j\u00e1 tem este h\u00e1bito h\u00e1 muito tempo. E ela ficou apavorada, porque n\u00e3o sabia explicar, porque fez tudo como os anos anteriores. Ent\u00e3o, infelizmente, n\u00f3s n\u00e3o sabemos as causas\u201d, afirmou o padre.\n<\/p>\n<p>Em entrevista ao G1 RN, um casal alegou que sentiu ard\u00eancia na pele depois de receber o sinal da Cruz com as cinzas. \u201cQuando a gente entrou na fila, a gente escutou algumas pessoas reclamando de uma queima\u00e7\u00e3o na testa, depois de passar essas cinzas. A gente n\u00e3o tinha sentido nada, at\u00e9 ent\u00e3o. S\u00f3 que come\u00e7ou a queimar, batia o vento e queimava muito. Imediatamente eu comecei a tirar e ficou essa marquinha ainda. Meu namorado ficou muito queimado, porque ele passou mais tempo que eu\u201d, disse a estudante Sara Helo\u00edsa Souza.\n<\/p>\n<p><strong>98 FM<\/strong>              <\/p>\n<\/div>\n<p><br \/>\n<br \/><a href=\"https:\/\/diariodobrasilnoticias.com.br\/noticia\/fieis-ficam-com-testa-lesionada-apos-receberem-sinal-da-cruz-em-missa-na-quarta-feira-de-cinzas-67cad3067b94e\">Source link <\/a><\/p>","protected":false},"excerpt":{"rendered":"<p>Fi\u00e9is cat\u00f3licos do munic\u00edpio de Carna\u00faba dos Dantas, na regi\u00e3o Serid\u00f3 do Rio Grande do Norte, ficaram com a testa lesionada depois de receberem o sinal da Cruz em uma&hellip;<\/p>","protected":false},"author":1,"featured_media":109015,"comment_status":"closed","ping_status":"open","sticky":false,"template":"","format":"standard","meta":{"content-type":"","footnotes":""},"categories":[16],"tags":[123,2448,5313,1267],"class_list":["post-109014","post","type-post","status-publish","format-standard","has-post-thumbnail","hentry","category-noticias","tag-brasil","tag-diario","tag-noticia","tag-noticias"],"_links":{"self":[{"href":"https:\/\/tvbrazilusa.com\/pt\/wp-json\/wp\/v2\/posts\/109014","targetHints":{"allow":["GET"]}}],"collection":[{"href":"https:\/\/tvbrazilusa.com\/pt\/wp-json\/wp\/v2\/posts"}],"about":[{"href":"https:\/\/tvbrazilusa.com\/pt\/wp-json\/wp\/v2\/types\/post"}],"author":[{"embeddable":true,"href":"https:\/\/tvbrazilusa.com\/pt\/wp-json\/wp\/v2\/users\/1"}],"replies":[{"embeddable":true,"href":"https:\/\/tvbrazilusa.com\/pt\/wp-json\/wp\/v2\/comments?post=109014"}],"version-history":[{"count":1,"href":"https:\/\/tvbrazilusa.com\/pt\/wp-json\/wp\/v2\/posts\/109014\/revisions"}],"predecessor-version":[{"id":109016,"href":"https:\/\/tvbrazilusa.com\/pt\/wp-json\/wp\/v2\/posts\/109014\/revisions\/109016"}],"wp:featuredmedia":[{"embeddable":true,"href":"https:\/\/tvbrazilusa.com\/pt\/wp-json\/wp\/v2\/media\/109015"}],"wp:attachment":[{"href":"https:\/\/tvbrazilusa.com\/pt\/wp-json\/wp\/v2\/media?parent=109014"}],"wp:term":[{"taxonomy":"category","embeddable":true,"href":"https:\/\/tvbrazilusa.com\/pt\/wp-json\/wp\/v2\/categories?post=109014"},{"taxonomy":"post_tag","embeddable":true,"href":"https:\/\/tvbrazilusa.com\/pt\/wp-json\/wp\/v2\/tags?post=109014"}],"curies":[{"name":"wp","href":"https:\/\/api.w.org\/{rel}","templated":true}]}}